









{"id":2396,"date":"2015-05-22T16:10:05","date_gmt":"2015-05-22T15:10:05","guid":{"rendered":"http:\/\/www.immobiliare-neuf.fr\/blog\/?p=2396"},"modified":"2016-09-20T19:55:48","modified_gmt":"2016-09-20T18:55:48","slug":"immobiliare-tout-limmobilier-neuf-sur-la-cote-basque","status":"publish","type":"post","link":"https:\/\/www.immobiliare-neuf.fr\/blog\/immobiliare-tout-limmobilier-neuf-sur-la-cote-basque\/","title":{"rendered":"Immobiliare : Tout l&rsquo;immobilier neuf sur la C\u00f4te Basque"},"content":{"rendered":"<p style=\"text-align: justify;\"><span style=\"font-size: 14pt;\">Des paysages de caract\u00e8re, un cadre de vie d&rsquo;une rare qualit\u00e9, une architecture de charme&#8230; Apr\u00e8s Toulouse et Bordeaux c&rsquo;est sur la C\u00f4te Basque qu&rsquo;Immobiliare vous propose <strong>d&rsquo;investir ou d&rsquo;habiter dans le neuf<\/strong>.\u00a0<\/span><\/p>\n<p><span style=\"font-size: 12pt; color: #ffffff;\">.<\/span><\/p>\n<p><span style=\"font-size: 12pt; color: #ffffff;\">.<\/span><\/p>\n<h2><span style=\"color: #f23da4;\">Habiter ou investir sur la C\u00f4te Basque<\/span><\/h2>\n<p style=\"text-align: justify;\"><span style=\"font-size: 12pt;\">Terre de culture et tradition situ\u00e9e entre mer et montagne en r\u00e9gion Aquitaine, la C\u00f4te Basque est reconnue pour la beaut\u00e9 de ses villes baln\u00e9aires de caract\u00e8re telles que Biarritz, <span style=\"color: #25aee8;\"><a style=\"color: #25aee8;\" href=\"http:\/\/www.immobiliare-neuf.fr\/vl-anglet-64\" target=\"_blank\">Anglet<\/a><\/span>, Bidart, <span style=\"color: #25aee8;\"><a style=\"color: #25aee8;\" href=\"http:\/\/www.immobiliare-neuf.fr\/sl-bayonne-64\" target=\"_blank\">Bayonne<\/a><\/span>, Saint-Jean-de-Luz, mais \u00e9galement pour\u00a0sa gastronomie et ses f\u00eates,\u00a0dont les plus c\u00e9l\u00e8bres, les <strong>F\u00eates de Bayonne<\/strong> ou \u00ab Baionako Bestak\u00a0\u00bb, r\u00e9unissent jusqu\u2019\u00e0 1,5 millions de visiteurs par an.\u00a0<\/span><\/p>\n<p style=\"text-align: justify;\"><span style=\"font-size: 12pt; color: #ffffff;\">.<\/span><\/p>\n<p style=\"text-align: justify;\"><img loading=\"lazy\" decoding=\"async\" class=\"alignleft wp-image-2397 size-large\" src=\"http:\/\/www.immobiliare-neuf.fr\/blog\/wp-content\/uploads\/2015\/05\/COTE-BASQUE-2-1024x418.jpg\" alt=\"Immobilier neuf sur la c\u00f4te basque \" width=\"1024\" height=\"418\" srcset=\"https:\/\/www.immobiliare-neuf.fr\/blog\/wp-content\/uploads\/2015\/05\/COTE-BASQUE-2-1024x418.jpg 1024w, https:\/\/www.immobiliare-neuf.fr\/blog\/wp-content\/uploads\/2015\/05\/COTE-BASQUE-2-300x122.jpg 300w\" sizes=\"(max-width: 1024px) 100vw, 1024px\" \/><\/p>\n<p style=\"text-align: justify;\"><span style=\"color: #ffffff;\">.<\/span><\/p>\n<h2 style=\"text-align: justify;\"><span style=\"color: #f23da4;\">Immobiliare, tout l&rsquo;immobilier neuf sur la C\u00f4te Basque<\/span><\/h2>\n<p style=\"text-align: justify;\"><span style=\"font-size: 12pt;\">A l\u2019achat en r\u00e9sidence principale ou en investissement locatif, nombreuses sont les opportunit\u00e9s d\u2019achat d\u2019immobilier neuf \u00a0sur la c\u00f4te basque. Des maisons en bord de mer aux appartements du centre ville,\u00a0Immobiliare vous propose une s\u00e9lection unique de<strong> <span style=\"color: #25aee8;\"><a style=\"color: #25aee8;\" href=\"http:\/\/www.immobiliare-neuf.fr\/cote-basque-64\" target=\"_blank\">logements neufs \u00e0 la vente sur la C\u00f4te Basque<\/a><\/span><\/strong> \u00e0 consulter sans plus attendre&#8230;<\/span><\/p>\n<p>&nbsp;<\/p>\n<p>&nbsp;<\/p>\n","protected":false},"excerpt":{"rendered":"<p>Des paysages de caract\u00e8re, un cadre de vie d&rsquo;une rare qualit\u00e9, une architecture de charme&#8230; Apr\u00e8s Toulouse et Bordeaux c&rsquo;est sur la C\u00f4te Basque qu&rsquo;Immobiliare vous propose d&rsquo;investir ou d&rsquo;habiter dans le neuf.\u00a0 . . Habiter ou investir sur la C\u00f4te Basque Terre de culture et tradition situ\u00e9e entre mer et montagne en r\u00e9gion Aquitaine, [&hellip;]<\/p>\n","protected":false},"author":2,"featured_media":0,"comment_status":"open","ping_status":"closed","sticky":true,"template":"","format":"standard","meta":{"_bbp_topic_count":0,"_bbp_reply_count":0,"_bbp_total_topic_count":0,"_bbp_total_reply_count":0,"_bbp_voice_count":0,"_bbp_anonymous_reply_count":0,"_bbp_topic_count_hidden":0,"_bbp_reply_count_hidden":0,"_bbp_forum_subforum_count":0,"footnotes":""},"categories":[34],"tags":[],"yoast_head":"<!-- This site is optimized with the Yoast SEO plugin v17.7 - https:\/\/yoast.com\/wordpress\/plugins\/seo\/ -->\n<title>Immobilier neuf sur la C\u00f4te Basque<\/title>\n<meta name=\"description\" content=\"Immobiliare, une s\u00e9lection de logements neufs pour investir ou habiter dans l&#039;immobilier neuf sur la C\u00f4te Basque : Biarritz, Anglet, Saint-Jean-de-Luz,..\" \/>\n<meta name=\"robots\" content=\"index, follow, max-snippet:-1, max-image-preview:large, max-video-preview:-1\" \/>\n<link rel=\"canonical\" href=\"https:\/\/www.immobiliare-neuf.fr\/blog\/immobiliare-tout-limmobilier-neuf-sur-la-cote-basque\/\" \/>\n<meta property=\"og:locale\" content=\"fr_FR\" \/>\n<meta property=\"og:type\" content=\"article\" \/>\n<meta property=\"og:title\" content=\"Immobilier neuf sur la C\u00f4te Basque\" \/>\n<meta property=\"og:description\" content=\"Immobiliare, une s\u00e9lection de logements neufs pour investir ou habiter dans l&#039;immobilier neuf sur la C\u00f4te Basque : Biarritz, Anglet, Saint-Jean-de-Luz,..\" \/>\n<meta property=\"og:url\" content=\"https:\/\/www.immobiliare-neuf.fr\/blog\/immobiliare-tout-limmobilier-neuf-sur-la-cote-basque\/\" \/>\n<meta property=\"og:site_name\" content=\"Maisons et appartements neufs |Toulouse Immobilier neuf\" \/>\n<meta property=\"article:publisher\" content=\"https:\/\/www.facebook.com\/pages\/Immobiliare-31\/188363961250077?ref_type=bookmark\" \/>\n<meta property=\"article:published_time\" content=\"2015-05-22T15:10:05+00:00\" \/>\n<meta property=\"article:modified_time\" content=\"2016-09-20T18:55:48+00:00\" \/>\n<meta property=\"og:image\" content=\"http:\/\/www.immobiliare-neuf.fr\/blog\/wp-content\/uploads\/2015\/05\/COTE-BASQUE-2-1024x418.jpg\" \/>\n<meta name=\"twitter:label1\" content=\"\u00c9crit par\" \/>\n\t<meta name=\"twitter:data1\" content=\"immo1\" \/>\n\t<meta name=\"twitter:label2\" content=\"Dur\u00e9e de lecture estim\u00e9e\" \/>\n\t<meta name=\"twitter:data2\" content=\"1 minute\" \/>\n<script type=\"application\/ld+json\" class=\"yoast-schema-graph\">{\"@context\":\"https:\/\/schema.org\",\"@graph\":[{\"@type\":\"WebSite\",\"@id\":\"http:\/\/www.immobiliare-neuf.fr\/blog\/#website\",\"url\":\"http:\/\/www.immobiliare-neuf.fr\/blog\/\",\"name\":\"Maisons et appartements neufs |Toulouse Immobilier neuf\",\"description\":\"Toute l&#039;actu de l&#039;immobilier neuf \\u00e0 Toulouse !\",\"potentialAction\":[{\"@type\":\"SearchAction\",\"target\":{\"@type\":\"EntryPoint\",\"urlTemplate\":\"http:\/\/www.immobiliare-neuf.fr\/blog\/?s={search_term_string}\"},\"query-input\":\"required name=search_term_string\"}],\"inLanguage\":\"fr-FR\"},{\"@type\":\"ImageObject\",\"@id\":\"https:\/\/www.immobiliare-neuf.fr\/blog\/immobiliare-tout-limmobilier-neuf-sur-la-cote-basque\/#primaryimage\",\"inLanguage\":\"fr-FR\",\"url\":\"http:\/\/www.immobiliare-neuf.fr\/blog\/wp-content\/uploads\/2015\/05\/COTE-BASQUE-2-1024x418.jpg\",\"contentUrl\":\"http:\/\/www.immobiliare-neuf.fr\/blog\/wp-content\/uploads\/2015\/05\/COTE-BASQUE-2-1024x418.jpg\"},{\"@type\":\"WebPage\",\"@id\":\"https:\/\/www.immobiliare-neuf.fr\/blog\/immobiliare-tout-limmobilier-neuf-sur-la-cote-basque\/#webpage\",\"url\":\"https:\/\/www.immobiliare-neuf.fr\/blog\/immobiliare-tout-limmobilier-neuf-sur-la-cote-basque\/\",\"name\":\"Immobilier neuf sur la C\\u00f4te Basque\",\"isPartOf\":{\"@id\":\"http:\/\/www.immobiliare-neuf.fr\/blog\/#website\"},\"primaryImageOfPage\":{\"@id\":\"https:\/\/www.immobiliare-neuf.fr\/blog\/immobiliare-tout-limmobilier-neuf-sur-la-cote-basque\/#primaryimage\"},\"datePublished\":\"2015-05-22T15:10:05+00:00\",\"dateModified\":\"2016-09-20T18:55:48+00:00\",\"author\":{\"@id\":\"http:\/\/www.immobiliare-neuf.fr\/blog\/#\/schema\/person\/6e1a43c3a2767543109ceb6f9dbbef4a\"},\"description\":\"Immobiliare, une s\\u00e9lection de logements neufs pour investir ou habiter dans l'immobilier neuf sur la C\\u00f4te Basque : Biarritz, Anglet, Saint-Jean-de-Luz,..\",\"breadcrumb\":{\"@id\":\"https:\/\/www.immobiliare-neuf.fr\/blog\/immobiliare-tout-limmobilier-neuf-sur-la-cote-basque\/#breadcrumb\"},\"inLanguage\":\"fr-FR\",\"potentialAction\":[{\"@type\":\"ReadAction\",\"target\":[\"https:\/\/www.immobiliare-neuf.fr\/blog\/immobiliare-tout-limmobilier-neuf-sur-la-cote-basque\/\"]}]},{\"@type\":\"BreadcrumbList\",\"@id\":\"https:\/\/www.immobiliare-neuf.fr\/blog\/immobiliare-tout-limmobilier-neuf-sur-la-cote-basque\/#breadcrumb\",\"itemListElement\":[{\"@type\":\"ListItem\",\"position\":1,\"name\":\"Accueil\",\"item\":\"http:\/\/www.immobiliare-neuf.fr\/blog\/\"},{\"@type\":\"ListItem\",\"position\":2,\"name\":\"Immobiliare : Tout l&rsquo;immobilier neuf sur la C\\u00f4te Basque\"}]},{\"@type\":\"Person\",\"@id\":\"http:\/\/www.immobiliare-neuf.fr\/blog\/#\/schema\/person\/6e1a43c3a2767543109ceb6f9dbbef4a\",\"name\":\"immo1\",\"image\":{\"@type\":\"ImageObject\",\"@id\":\"http:\/\/www.immobiliare-neuf.fr\/blog\/#personlogo\",\"inLanguage\":\"fr-FR\",\"url\":\"https:\/\/secure.gravatar.com\/avatar\/fc0b8723b1087fefc5c15987cae8eede?s=96&d=mm&r=g\",\"contentUrl\":\"https:\/\/secure.gravatar.com\/avatar\/fc0b8723b1087fefc5c15987cae8eede?s=96&d=mm&r=g\",\"caption\":\"immo1\"},\"url\":\"https:\/\/www.immobiliare-neuf.fr\/blog\/author\/immo1\/\"}]}<\/script>\n<!-- \/ Yoast SEO plugin. -->","yoast_head_json":{"title":"Immobilier neuf sur la C\u00f4te Basque","description":"Immobiliare, une s\u00e9lection de logements neufs pour investir ou habiter dans l'immobilier neuf sur la C\u00f4te Basque : Biarritz, Anglet, Saint-Jean-de-Luz,..","robots":{"index":"index","follow":"follow","max-snippet":"max-snippet:-1","max-image-preview":"max-image-preview:large","max-video-preview":"max-video-preview:-1"},"canonical":"https:\/\/www.immobiliare-neuf.fr\/blog\/immobiliare-tout-limmobilier-neuf-sur-la-cote-basque\/","og_locale":"fr_FR","og_type":"article","og_title":"Immobilier neuf sur la C\u00f4te Basque","og_description":"Immobiliare, une s\u00e9lection de logements neufs pour investir ou habiter dans l'immobilier neuf sur la C\u00f4te Basque : Biarritz, Anglet, Saint-Jean-de-Luz,..","og_url":"https:\/\/www.immobiliare-neuf.fr\/blog\/immobiliare-tout-limmobilier-neuf-sur-la-cote-basque\/","og_site_name":"Maisons et appartements neufs |Toulouse Immobilier neuf","article_publisher":"https:\/\/www.facebook.com\/pages\/Immobiliare-31\/188363961250077?ref_type=bookmark","article_published_time":"2015-05-22T15:10:05+00:00","article_modified_time":"2016-09-20T18:55:48+00:00","og_image":[{"url":"http:\/\/www.immobiliare-neuf.fr\/blog\/wp-content\/uploads\/2015\/05\/COTE-BASQUE-2-1024x418.jpg"}],"twitter_misc":{"\u00c9crit par":"immo1","Dur\u00e9e de lecture estim\u00e9e":"1 minute"},"schema":{"@context":"https:\/\/schema.org","@graph":[{"@type":"WebSite","@id":"http:\/\/www.immobiliare-neuf.fr\/blog\/#website","url":"http:\/\/www.immobiliare-neuf.fr\/blog\/","name":"Maisons et appartements neufs |Toulouse Immobilier neuf","description":"Toute l&#039;actu de l&#039;immobilier neuf \u00e0 Toulouse !","potentialAction":[{"@type":"SearchAction","target":{"@type":"EntryPoint","urlTemplate":"http:\/\/www.immobiliare-neuf.fr\/blog\/?s={search_term_string}"},"query-input":"required name=search_term_string"}],"inLanguage":"fr-FR"},{"@type":"ImageObject","@id":"https:\/\/www.immobiliare-neuf.fr\/blog\/immobiliare-tout-limmobilier-neuf-sur-la-cote-basque\/#primaryimage","inLanguage":"fr-FR","url":"http:\/\/www.immobiliare-neuf.fr\/blog\/wp-content\/uploads\/2015\/05\/COTE-BASQUE-2-1024x418.jpg","contentUrl":"http:\/\/www.immobiliare-neuf.fr\/blog\/wp-content\/uploads\/2015\/05\/COTE-BASQUE-2-1024x418.jpg"},{"@type":"WebPage","@id":"https:\/\/www.immobiliare-neuf.fr\/blog\/immobiliare-tout-limmobilier-neuf-sur-la-cote-basque\/#webpage","url":"https:\/\/www.immobiliare-neuf.fr\/blog\/immobiliare-tout-limmobilier-neuf-sur-la-cote-basque\/","name":"Immobilier neuf sur la C\u00f4te Basque","isPartOf":{"@id":"http:\/\/www.immobiliare-neuf.fr\/blog\/#website"},"primaryImageOfPage":{"@id":"https:\/\/www.immobiliare-neuf.fr\/blog\/immobiliare-tout-limmobilier-neuf-sur-la-cote-basque\/#primaryimage"},"datePublished":"2015-05-22T15:10:05+00:00","dateModified":"2016-09-20T18:55:48+00:00","author":{"@id":"http:\/\/www.immobiliare-neuf.fr\/blog\/#\/schema\/person\/6e1a43c3a2767543109ceb6f9dbbef4a"},"description":"Immobiliare, une s\u00e9lection de logements neufs pour investir ou habiter dans l'immobilier neuf sur la C\u00f4te Basque : Biarritz, Anglet, Saint-Jean-de-Luz,..","breadcrumb":{"@id":"https:\/\/www.immobiliare-neuf.fr\/blog\/immobiliare-tout-limmobilier-neuf-sur-la-cote-basque\/#breadcrumb"},"inLanguage":"fr-FR","potentialAction":[{"@type":"ReadAction","target":["https:\/\/www.immobiliare-neuf.fr\/blog\/immobiliare-tout-limmobilier-neuf-sur-la-cote-basque\/"]}]},{"@type":"BreadcrumbList","@id":"https:\/\/www.immobiliare-neuf.fr\/blog\/immobiliare-tout-limmobilier-neuf-sur-la-cote-basque\/#breadcrumb","itemListElement":[{"@type":"ListItem","position":1,"name":"Accueil","item":"http:\/\/www.immobiliare-neuf.fr\/blog\/"},{"@type":"ListItem","position":2,"name":"Immobiliare : Tout l&rsquo;immobilier neuf sur la C\u00f4te Basque"}]},{"@type":"Person","@id":"http:\/\/www.immobiliare-neuf.fr\/blog\/#\/schema\/person\/6e1a43c3a2767543109ceb6f9dbbef4a","name":"immo1","image":{"@type":"ImageObject","@id":"http:\/\/www.immobiliare-neuf.fr\/blog\/#personlogo","inLanguage":"fr-FR","url":"https:\/\/secure.gravatar.com\/avatar\/fc0b8723b1087fefc5c15987cae8eede?s=96&d=mm&r=g","contentUrl":"https:\/\/secure.gravatar.com\/avatar\/fc0b8723b1087fefc5c15987cae8eede?s=96&d=mm&r=g","caption":"immo1"},"url":"https:\/\/www.immobiliare-neuf.fr\/blog\/author\/immo1\/"}]}},"_links":{"self":[{"href":"https:\/\/www.immobiliare-neuf.fr\/blog\/wp-json\/wp\/v2\/posts\/2396"}],"collection":[{"href":"https:\/\/www.immobiliare-neuf.fr\/blog\/wp-json\/wp\/v2\/posts"}],"about":[{"href":"https:\/\/www.immobiliare-neuf.fr\/blog\/wp-json\/wp\/v2\/types\/post"}],"author":[{"embeddable":true,"href":"https:\/\/www.immobiliare-neuf.fr\/blog\/wp-json\/wp\/v2\/users\/2"}],"replies":[{"embeddable":true,"href":"https:\/\/www.immobiliare-neuf.fr\/blog\/wp-json\/wp\/v2\/comments?post=2396"}],"version-history":[{"count":7,"href":"https:\/\/www.immobiliare-neuf.fr\/blog\/wp-json\/wp\/v2\/posts\/2396\/revisions"}],"predecessor-version":[{"id":3164,"href":"https:\/\/www.immobiliare-neuf.fr\/blog\/wp-json\/wp\/v2\/posts\/2396\/revisions\/3164"}],"wp:attachment":[{"href":"https:\/\/www.immobiliare-neuf.fr\/blog\/wp-json\/wp\/v2\/media?parent=2396"}],"wp:term":[{"taxonomy":"category","embeddable":true,"href":"https:\/\/www.immobiliare-neuf.fr\/blog\/wp-json\/wp\/v2\/categories?post=2396"},{"taxonomy":"post_tag","embeddable":true,"href":"https:\/\/www.immobiliare-neuf.fr\/blog\/wp-json\/wp\/v2\/tags?post=2396"}],"curies":[{"name":"wp","href":"https:\/\/api.w.org\/{rel}","templated":true}]}}