









{"id":3310,"date":"2017-01-05T14:04:40","date_gmt":"2017-01-05T13:04:40","guid":{"rendered":"http:\/\/www.immobiliare-neuf.fr\/blog\/?p=3310"},"modified":"2017-04-10T13:01:26","modified_gmt":"2017-04-10T12:01:26","slug":"telepherique-urbain-sud-toulouse-quil-faut-retenir","status":"publish","type":"post","link":"http:\/\/www.immobiliare-neuf.fr\/blog\/telepherique-urbain-sud-toulouse-quil-faut-retenir\/","title":{"rendered":"T\u00e9l\u00e9ph\u00e9rique Urbain Sud Toulouse : Ce qu\u2019il faut retenir"},"content":{"rendered":"<p style=\"text-align: justify;\"><span style=\"font-size: 14pt;\">Apr\u00e8s Grenoble et Brest, c\u2019est officiel, Toulouse dit oui au T\u00e9l\u00e9ph\u00e9rique urbain Sud.<\/span><\/p>\n<p style=\"text-align: justify;\"><span style=\"font-size: 12pt;\">Date de mise en service, capacit\u00e9, fr\u00e9quence, amplitude horaire, co\u00fbt, etc&#8230; D\u00e9couvrez en chiffre et en image tout ce qu\u2019il faut savoir sur cet audacieux projet qui permettra \u00e0 la ville rose \u00ab\u00a0de rejoindre le cercle ferm\u00e9 des villes internationales ayant opt\u00e9 pour un t\u00e9l\u00e9ph\u00e9rique urbain, telles que New-York, Rio, Londres ou encore Barcelone\u00a0\u00bb&#8230;<\/span><\/p>\n<p><img loading=\"lazy\" decoding=\"async\" class=\"aligncenter\" src=\"http:\/\/www.immobiliare-neuf.fr\/blog\/wp-content\/uploads\/2017\/01\/station-CHU-vue-depuis-les-quais.jpg\" alt=\"t\u00e9l\u00e9ph\u00e9rique toulouse\" width=\"630\" height=\"402\" \/><\/p>\n<p style=\"text-align: center;\"><span style=\"font-size: 8pt;\">La future station de l&rsquo;h\u00f4pital Rangueil. (Photo : Tiss\u00e9o-SMTC\/SMAT\/Groupement POMA &#8211; Image 3D non contractuelle)<\/span><\/p>\n<p><span style=\"color: #ffffff;\">.<\/span><\/p>\n<ul>\n<li><span style=\"font-size: 12pt;\">3\u00a0 stations\u00a0: Universit\u00e9 Paul-Sabatier, Rangueil et Oncopole<\/span><\/li>\n<li><span style=\"font-size: 12pt;\">Un parcours de <span style=\"color: #c2197c;\"><strong>3km<\/strong><\/span><\/span><\/li>\n<li><span style=\"font-size: 12pt;\">Un temps de trajet de <span style=\"color: #c2197c;\"><strong>10mn <\/strong><span style=\"color: #333333;\">(contre\u00a030mn\u00a0en voiture)<\/span><\/span><\/span><\/li>\n<li><span style=\"font-size: 12pt;\">Une vitesse de <span style=\"color: #c2197c;\"><strong>20km\/h<\/strong><\/span><\/span><\/li>\n<li><span style=\"font-size: 12pt;\">Un d\u00e9part toutes les <span style=\"color: #c2197c;\"><strong>1\u201930mn<\/strong><\/span> en heure de pointe<\/span><\/li>\n<li><span style=\"font-size: 12pt;\">Une amplitude horaire de <span style=\"color: #c2197c;\"><strong>05 h 15 \u00e0 minuit<\/strong><\/span><\/span><\/li>\n<li><span style=\"font-size: 12pt;\">Jusqu\u2019\u00e0 <span style=\"color: #c2197c;\"><strong>35 passagers<\/strong><\/span> par cabine dont la moiti\u00e9 en places assises<\/span><\/li>\n<li><span style=\"font-size: 12pt;\">Un objectif de fr\u00e9quentation de <span style=\"color: #c2197c;\"><strong>7\u00a0000 passagers \/ jour<\/strong><\/span><\/span><\/li>\n<li><span style=\"font-size: 12pt;\">Une possible extension du trac\u00e9 vers Montaudran et Basso Cambo<\/span><\/li>\n<li><span style=\"font-size: 12pt;\">La construction de<span style=\"color: #c2197c;\"> <strong>5 pyl\u00f4nes <\/strong><\/span>pour l\u2019ensemble du parcours<\/span><\/li>\n<li><span style=\"font-size: 12pt;\">Des cabines accessibles aux personnes \u00e0 mobilit\u00e9 r\u00e9duite<\/span><\/li>\n<li><span style=\"font-size: 12pt;\">Peu de nuisances sonores\u00a0: <span style=\"color: #c2197c;\"><strong>60 dB<\/strong><\/span><\/span><\/li>\n<li><span style=\"font-size: 12pt;\"><span style=\"color: #c2197c;\"><span style=\"color: #333333;\">Un co\u00fbt de<\/span><strong> 54,6 millions d\u2019euros\u00a0<\/strong><\/span>comprenant l\u2019investissement mais aussi la maintenance<\/span><\/li>\n<li><span style=\"font-size: 12pt;\">La cr\u00e9ation d\u2019un parking relais de <span style=\"color: #c2197c;\"><strong>500 places<\/strong><\/span> \u00e0 l\u2019Oncopole<\/span><\/li>\n<li><span style=\"font-size: 12pt;\">La possibilit\u00e9 d\u2019embarquer son v\u00e9lo \u00e0 bord<\/span><\/li>\n<li><span style=\"font-size: 12pt;\">Une mise en service en<span style=\"color: #c2197c;\"> <strong>2020<\/strong><\/span> apr\u00e8s une d\u00e9claration d\u2019utilit\u00e9 publique esp\u00e9r\u00e9e fin 2018 et le d\u00e9marrage des travaux dans la foul\u00e9e.<\/span><\/li>\n<\/ul>\n<p><span style=\"color: #ffffff;\">.<\/span><\/p>\n<h2>Le\u00a0T\u00e9l\u00e9ph\u00e9rique Urbain Sud Toulouse en images<\/h2>\n<p><span style=\"color: #ffffff;\">.<\/span><\/p>\n<p><img loading=\"lazy\" decoding=\"async\" class=\"aligncenter wp-image-3312\" src=\"http:\/\/www.immobiliare-neuf.fr\/blog\/wp-content\/uploads\/2017\/01\/T\u00e9l\u00e9ph\u00e9rique-toulouse-3.jpg\" alt=\"T\u00e9l\u00e9ph\u00e9rique Toulouse\" width=\"700\" height=\"453\" srcset=\"http:\/\/www.immobiliare-neuf.fr\/blog\/wp-content\/uploads\/2017\/01\/T\u00e9l\u00e9ph\u00e9rique-toulouse-3.jpg 798w, http:\/\/www.immobiliare-neuf.fr\/blog\/wp-content\/uploads\/2017\/01\/T\u00e9l\u00e9ph\u00e9rique-toulouse-3-300x194.jpg 300w, http:\/\/www.immobiliare-neuf.fr\/blog\/wp-content\/uploads\/2017\/01\/T\u00e9l\u00e9ph\u00e9rique-toulouse-3-768x497.jpg 768w\" sizes=\"(max-width: 700px) 100vw, 700px\" \/><\/p>\n<p style=\"text-align: center;\"><span style=\"font-size: 8pt;\">La future station Oncopole (Photo : Tiss\u00e9o-SMTC\/SMAT\/Groupement POMA &#8211; Image 3D non contractuelle)<\/span><\/p>\n<p><img loading=\"lazy\" decoding=\"async\" class=\"aligncenter wp-image-3313\" src=\"http:\/\/www.immobiliare-neuf.fr\/blog\/wp-content\/uploads\/2017\/01\/T\u00e9l\u00e9ph\u00e9rique-toulouse-4.jpg\" alt=\"T\u00e9l\u00e9ph\u00e9rique Toulouse\" width=\"700\" height=\"499\" srcset=\"http:\/\/www.immobiliare-neuf.fr\/blog\/wp-content\/uploads\/2017\/01\/T\u00e9l\u00e9ph\u00e9rique-toulouse-4.jpg 720w, http:\/\/www.immobiliare-neuf.fr\/blog\/wp-content\/uploads\/2017\/01\/T\u00e9l\u00e9ph\u00e9rique-toulouse-4-300x214.jpg 300w\" sizes=\"(max-width: 700px) 100vw, 700px\" \/><\/p>\n<p style=\"text-align: center;\"><span style=\"font-size: 8pt;\">Les\u00a0cabines (Photo : Tiss\u00e9o-SMTC\/SMAT\/Groupement POMA &#8211; Image 3D non contractuelle)<\/span><\/p>\n<p><img loading=\"lazy\" decoding=\"async\" class=\"aligncenter wp-image-3314\" src=\"http:\/\/www.immobiliare-neuf.fr\/blog\/wp-content\/uploads\/2017\/01\/T\u00e9l\u00e9ph\u00e9rique-toulouse.jpg\" alt=\"T\u00e9l\u00e9ph\u00e9rique Toulouse\" width=\"700\" height=\"493\" srcset=\"http:\/\/www.immobiliare-neuf.fr\/blog\/wp-content\/uploads\/2017\/01\/T\u00e9l\u00e9ph\u00e9rique-toulouse.jpg 725w, http:\/\/www.immobiliare-neuf.fr\/blog\/wp-content\/uploads\/2017\/01\/T\u00e9l\u00e9ph\u00e9rique-toulouse-300x211.jpg 300w\" sizes=\"(max-width: 700px) 100vw, 700px\" \/><\/p>\n<p style=\"text-align: center;\"><span style=\"font-size: 8pt;\">Des cabines con\u00e7ues pour accueillir les v\u00e9los. (Photo : Tiss\u00e9o-SMTC\/SMAT\/Groupement POMA &#8211; Image 3D non contractuelle)<\/span><\/p>\n<p><img loading=\"lazy\" decoding=\"async\" class=\"aligncenter wp-image-3315\" src=\"http:\/\/www.immobiliare-neuf.fr\/blog\/wp-content\/uploads\/2017\/01\/T\u00e9l\u00e9ph\u00e9rique-toulouse-2.jpg\" alt=\"T\u00e9l\u00e9ph\u00e9rique Toulouse\" width=\"700\" height=\"446\" srcset=\"http:\/\/www.immobiliare-neuf.fr\/blog\/wp-content\/uploads\/2017\/01\/T\u00e9l\u00e9ph\u00e9rique-toulouse-2.jpg 798w, http:\/\/www.immobiliare-neuf.fr\/blog\/wp-content\/uploads\/2017\/01\/T\u00e9l\u00e9ph\u00e9rique-toulouse-2-300x191.jpg 300w, http:\/\/www.immobiliare-neuf.fr\/blog\/wp-content\/uploads\/2017\/01\/T\u00e9l\u00e9ph\u00e9rique-toulouse-2-768x490.jpg 768w\" sizes=\"(max-width: 700px) 100vw, 700px\" \/><\/p>\n<p style=\"text-align: center;\"><span style=\"font-size: 8pt;\">(Photo : Tiss\u00e9o-SMTC\/SMAT\/Groupement POMA &#8211; Image 3D non contractuelle)<\/span><\/p>\n<p>&nbsp;<\/p>\n<p><img loading=\"lazy\" decoding=\"async\" class=\"aligncenter wp-image-3317\" src=\"http:\/\/www.immobiliare-neuf.fr\/blog\/wp-content\/uploads\/2017\/01\/T\u00e9l\u00e9ph\u00e9rique-toulouse-trac\u00e9-1024x147.png\" alt=\"telepherique-toulouse-trace\" width=\"700\" height=\"100\" srcset=\"http:\/\/www.immobiliare-neuf.fr\/blog\/wp-content\/uploads\/2017\/01\/T\u00e9l\u00e9ph\u00e9rique-toulouse-trac\u00e9-1024x147.png 1024w, http:\/\/www.immobiliare-neuf.fr\/blog\/wp-content\/uploads\/2017\/01\/T\u00e9l\u00e9ph\u00e9rique-toulouse-trac\u00e9-300x43.png 300w, http:\/\/www.immobiliare-neuf.fr\/blog\/wp-content\/uploads\/2017\/01\/T\u00e9l\u00e9ph\u00e9rique-toulouse-trac\u00e9-768x110.png 768w, http:\/\/www.immobiliare-neuf.fr\/blog\/wp-content\/uploads\/2017\/01\/T\u00e9l\u00e9ph\u00e9rique-toulouse-trac\u00e9.png 1611w\" sizes=\"(max-width: 700px) 100vw, 700px\" \/><\/p>\n","protected":false},"excerpt":{"rendered":"<p>Apr\u00e8s Grenoble et Brest, c\u2019est officiel, Toulouse dit oui au T\u00e9l\u00e9ph\u00e9rique urbain Sud. Date de mise en service, capacit\u00e9, fr\u00e9quence, amplitude horaire, co\u00fbt, etc&#8230; D\u00e9couvrez en chiffre et en image tout ce qu\u2019il faut savoir sur cet audacieux projet qui permettra \u00e0 la ville rose \u00ab\u00a0de rejoindre le cercle ferm\u00e9 des villes internationales ayant opt\u00e9 [&hellip;]<\/p>\n","protected":false},"author":2,"featured_media":0,"comment_status":"open","ping_status":"closed","sticky":true,"template":"","format":"standard","meta":{"_bbp_topic_count":0,"_bbp_reply_count":0,"_bbp_total_topic_count":0,"_bbp_total_reply_count":0,"_bbp_voice_count":0,"_bbp_anonymous_reply_count":0,"_bbp_topic_count_hidden":0,"_bbp_reply_count_hidden":0,"_bbp_forum_subforum_count":0,"footnotes":""},"categories":[8],"tags":[],"yoast_head":"<!-- This site is optimized with the Yoast SEO plugin v17.7 - https:\/\/yoast.com\/wordpress\/plugins\/seo\/ -->\n<title>T\u00e9l\u00e9ph\u00e9rique Urbain Sud Toulouse : Ce qu\u2019il faut retenir<\/title>\n<meta name=\"description\" content=\"T\u00e9l\u00e9ph\u00e9rique Urbain Sud Toulouse : Apr\u00e8s Grenoble et Brest, c\u2019est officiel, Toulouse dit oui au T\u00e9l\u00e9ph\u00e9rique urbain Sud. Date de mise en service, capacit\u00e9..\" \/>\n<meta name=\"robots\" content=\"index, follow, max-snippet:-1, max-image-preview:large, max-video-preview:-1\" \/>\n<link rel=\"canonical\" href=\"http:\/\/www.immobiliare-neuf.fr\/blog\/telepherique-urbain-sud-toulouse-quil-faut-retenir\/\" \/>\n<meta property=\"og:locale\" content=\"fr_FR\" \/>\n<meta property=\"og:type\" content=\"article\" \/>\n<meta property=\"og:title\" content=\"T\u00e9l\u00e9ph\u00e9rique Urbain Sud Toulouse : Ce qu\u2019il faut retenir\" \/>\n<meta property=\"og:description\" content=\"T\u00e9l\u00e9ph\u00e9rique Urbain Sud Toulouse : Apr\u00e8s Grenoble et Brest, c\u2019est officiel, Toulouse dit oui au T\u00e9l\u00e9ph\u00e9rique urbain Sud. Date de mise en service, capacit\u00e9..\" \/>\n<meta property=\"og:url\" content=\"http:\/\/www.immobiliare-neuf.fr\/blog\/telepherique-urbain-sud-toulouse-quil-faut-retenir\/\" \/>\n<meta property=\"og:site_name\" content=\"Maisons et appartements neufs |Toulouse Immobilier neuf\" \/>\n<meta property=\"article:publisher\" content=\"https:\/\/www.facebook.com\/pages\/Immobiliare-31\/188363961250077?ref_type=bookmark\" \/>\n<meta property=\"article:published_time\" content=\"2017-01-05T13:04:40+00:00\" \/>\n<meta property=\"article:modified_time\" content=\"2017-04-10T12:01:26+00:00\" \/>\n<meta property=\"og:image\" content=\"http:\/\/www.immobiliare-neuf.fr\/blog\/wp-content\/uploads\/2017\/01\/station-CHU-vue-depuis-les-quais.jpg\" \/>\n<meta name=\"twitter:label1\" content=\"\u00c9crit par\" \/>\n\t<meta name=\"twitter:data1\" content=\"immo1\" \/>\n\t<meta name=\"twitter:label2\" content=\"Dur\u00e9e de lecture estim\u00e9e\" \/>\n\t<meta name=\"twitter:data2\" content=\"2 minutes\" \/>\n<script type=\"application\/ld+json\" class=\"yoast-schema-graph\">{\"@context\":\"https:\/\/schema.org\",\"@graph\":[{\"@type\":\"WebSite\",\"@id\":\"https:\/\/www.immobiliare-neuf.fr\/blog\/#website\",\"url\":\"https:\/\/www.immobiliare-neuf.fr\/blog\/\",\"name\":\"Maisons et appartements neufs |Toulouse Immobilier neuf\",\"description\":\"Toute l&#039;actu de l&#039;immobilier neuf \\u00e0 Toulouse !\",\"potentialAction\":[{\"@type\":\"SearchAction\",\"target\":{\"@type\":\"EntryPoint\",\"urlTemplate\":\"https:\/\/www.immobiliare-neuf.fr\/blog\/?s={search_term_string}\"},\"query-input\":\"required name=search_term_string\"}],\"inLanguage\":\"fr-FR\"},{\"@type\":\"ImageObject\",\"@id\":\"http:\/\/www.immobiliare-neuf.fr\/blog\/telepherique-urbain-sud-toulouse-quil-faut-retenir\/#primaryimage\",\"inLanguage\":\"fr-FR\",\"url\":\"http:\/\/www.immobiliare-neuf.fr\/blog\/wp-content\/uploads\/2017\/01\/station-CHU-vue-depuis-les-quais.jpg\",\"contentUrl\":\"http:\/\/www.immobiliare-neuf.fr\/blog\/wp-content\/uploads\/2017\/01\/station-CHU-vue-depuis-les-quais.jpg\",\"width\":630,\"height\":402,\"caption\":\"t\\u00e9l\\u00e9ph\\u00e9rique toulouse\"},{\"@type\":\"WebPage\",\"@id\":\"http:\/\/www.immobiliare-neuf.fr\/blog\/telepherique-urbain-sud-toulouse-quil-faut-retenir\/#webpage\",\"url\":\"http:\/\/www.immobiliare-neuf.fr\/blog\/telepherique-urbain-sud-toulouse-quil-faut-retenir\/\",\"name\":\"T\\u00e9l\\u00e9ph\\u00e9rique Urbain Sud Toulouse : Ce qu\\u2019il faut retenir\",\"isPartOf\":{\"@id\":\"https:\/\/www.immobiliare-neuf.fr\/blog\/#website\"},\"primaryImageOfPage\":{\"@id\":\"http:\/\/www.immobiliare-neuf.fr\/blog\/telepherique-urbain-sud-toulouse-quil-faut-retenir\/#primaryimage\"},\"datePublished\":\"2017-01-05T13:04:40+00:00\",\"dateModified\":\"2017-04-10T12:01:26+00:00\",\"author\":{\"@id\":\"https:\/\/www.immobiliare-neuf.fr\/blog\/#\/schema\/person\/6e1a43c3a2767543109ceb6f9dbbef4a\"},\"description\":\"T\\u00e9l\\u00e9ph\\u00e9rique Urbain Sud Toulouse : Apr\\u00e8s Grenoble et Brest, c\\u2019est officiel, Toulouse dit oui au T\\u00e9l\\u00e9ph\\u00e9rique urbain Sud. Date de mise en service, capacit\\u00e9..\",\"breadcrumb\":{\"@id\":\"http:\/\/www.immobiliare-neuf.fr\/blog\/telepherique-urbain-sud-toulouse-quil-faut-retenir\/#breadcrumb\"},\"inLanguage\":\"fr-FR\",\"potentialAction\":[{\"@type\":\"ReadAction\",\"target\":[\"http:\/\/www.immobiliare-neuf.fr\/blog\/telepherique-urbain-sud-toulouse-quil-faut-retenir\/\"]}]},{\"@type\":\"BreadcrumbList\",\"@id\":\"http:\/\/www.immobiliare-neuf.fr\/blog\/telepherique-urbain-sud-toulouse-quil-faut-retenir\/#breadcrumb\",\"itemListElement\":[{\"@type\":\"ListItem\",\"position\":1,\"name\":\"Accueil\",\"item\":\"https:\/\/www.immobiliare-neuf.fr\/blog\/\"},{\"@type\":\"ListItem\",\"position\":2,\"name\":\"T\\u00e9l\\u00e9ph\\u00e9rique Urbain Sud Toulouse : Ce qu\\u2019il faut retenir\"}]},{\"@type\":\"Person\",\"@id\":\"https:\/\/www.immobiliare-neuf.fr\/blog\/#\/schema\/person\/6e1a43c3a2767543109ceb6f9dbbef4a\",\"name\":\"immo1\",\"image\":{\"@type\":\"ImageObject\",\"@id\":\"https:\/\/www.immobiliare-neuf.fr\/blog\/#personlogo\",\"inLanguage\":\"fr-FR\",\"url\":\"http:\/\/0.gravatar.com\/avatar\/fc0b8723b1087fefc5c15987cae8eede?s=96&d=mm&r=g\",\"contentUrl\":\"http:\/\/0.gravatar.com\/avatar\/fc0b8723b1087fefc5c15987cae8eede?s=96&d=mm&r=g\",\"caption\":\"immo1\"},\"url\":\"http:\/\/www.immobiliare-neuf.fr\/blog\/author\/immo1\/\"}]}<\/script>\n<!-- \/ Yoast SEO plugin. -->","yoast_head_json":{"title":"T\u00e9l\u00e9ph\u00e9rique Urbain Sud Toulouse : Ce qu\u2019il faut retenir","description":"T\u00e9l\u00e9ph\u00e9rique Urbain Sud Toulouse : Apr\u00e8s Grenoble et Brest, c\u2019est officiel, Toulouse dit oui au T\u00e9l\u00e9ph\u00e9rique urbain Sud. Date de mise en service, capacit\u00e9..","robots":{"index":"index","follow":"follow","max-snippet":"max-snippet:-1","max-image-preview":"max-image-preview:large","max-video-preview":"max-video-preview:-1"},"canonical":"http:\/\/www.immobiliare-neuf.fr\/blog\/telepherique-urbain-sud-toulouse-quil-faut-retenir\/","og_locale":"fr_FR","og_type":"article","og_title":"T\u00e9l\u00e9ph\u00e9rique Urbain Sud Toulouse : Ce qu\u2019il faut retenir","og_description":"T\u00e9l\u00e9ph\u00e9rique Urbain Sud Toulouse : Apr\u00e8s Grenoble et Brest, c\u2019est officiel, Toulouse dit oui au T\u00e9l\u00e9ph\u00e9rique urbain Sud. Date de mise en service, capacit\u00e9..","og_url":"http:\/\/www.immobiliare-neuf.fr\/blog\/telepherique-urbain-sud-toulouse-quil-faut-retenir\/","og_site_name":"Maisons et appartements neufs |Toulouse Immobilier neuf","article_publisher":"https:\/\/www.facebook.com\/pages\/Immobiliare-31\/188363961250077?ref_type=bookmark","article_published_time":"2017-01-05T13:04:40+00:00","article_modified_time":"2017-04-10T12:01:26+00:00","og_image":[{"url":"http:\/\/www.immobiliare-neuf.fr\/blog\/wp-content\/uploads\/2017\/01\/station-CHU-vue-depuis-les-quais.jpg"}],"twitter_misc":{"\u00c9crit par":"immo1","Dur\u00e9e de lecture estim\u00e9e":"2 minutes"},"schema":{"@context":"https:\/\/schema.org","@graph":[{"@type":"WebSite","@id":"https:\/\/www.immobiliare-neuf.fr\/blog\/#website","url":"https:\/\/www.immobiliare-neuf.fr\/blog\/","name":"Maisons et appartements neufs |Toulouse Immobilier neuf","description":"Toute l&#039;actu de l&#039;immobilier neuf \u00e0 Toulouse !","potentialAction":[{"@type":"SearchAction","target":{"@type":"EntryPoint","urlTemplate":"https:\/\/www.immobiliare-neuf.fr\/blog\/?s={search_term_string}"},"query-input":"required name=search_term_string"}],"inLanguage":"fr-FR"},{"@type":"ImageObject","@id":"http:\/\/www.immobiliare-neuf.fr\/blog\/telepherique-urbain-sud-toulouse-quil-faut-retenir\/#primaryimage","inLanguage":"fr-FR","url":"http:\/\/www.immobiliare-neuf.fr\/blog\/wp-content\/uploads\/2017\/01\/station-CHU-vue-depuis-les-quais.jpg","contentUrl":"http:\/\/www.immobiliare-neuf.fr\/blog\/wp-content\/uploads\/2017\/01\/station-CHU-vue-depuis-les-quais.jpg","width":630,"height":402,"caption":"t\u00e9l\u00e9ph\u00e9rique toulouse"},{"@type":"WebPage","@id":"http:\/\/www.immobiliare-neuf.fr\/blog\/telepherique-urbain-sud-toulouse-quil-faut-retenir\/#webpage","url":"http:\/\/www.immobiliare-neuf.fr\/blog\/telepherique-urbain-sud-toulouse-quil-faut-retenir\/","name":"T\u00e9l\u00e9ph\u00e9rique Urbain Sud Toulouse : Ce qu\u2019il faut retenir","isPartOf":{"@id":"https:\/\/www.immobiliare-neuf.fr\/blog\/#website"},"primaryImageOfPage":{"@id":"http:\/\/www.immobiliare-neuf.fr\/blog\/telepherique-urbain-sud-toulouse-quil-faut-retenir\/#primaryimage"},"datePublished":"2017-01-05T13:04:40+00:00","dateModified":"2017-04-10T12:01:26+00:00","author":{"@id":"https:\/\/www.immobiliare-neuf.fr\/blog\/#\/schema\/person\/6e1a43c3a2767543109ceb6f9dbbef4a"},"description":"T\u00e9l\u00e9ph\u00e9rique Urbain Sud Toulouse : Apr\u00e8s Grenoble et Brest, c\u2019est officiel, Toulouse dit oui au T\u00e9l\u00e9ph\u00e9rique urbain Sud. Date de mise en service, capacit\u00e9..","breadcrumb":{"@id":"http:\/\/www.immobiliare-neuf.fr\/blog\/telepherique-urbain-sud-toulouse-quil-faut-retenir\/#breadcrumb"},"inLanguage":"fr-FR","potentialAction":[{"@type":"ReadAction","target":["http:\/\/www.immobiliare-neuf.fr\/blog\/telepherique-urbain-sud-toulouse-quil-faut-retenir\/"]}]},{"@type":"BreadcrumbList","@id":"http:\/\/www.immobiliare-neuf.fr\/blog\/telepherique-urbain-sud-toulouse-quil-faut-retenir\/#breadcrumb","itemListElement":[{"@type":"ListItem","position":1,"name":"Accueil","item":"https:\/\/www.immobiliare-neuf.fr\/blog\/"},{"@type":"ListItem","position":2,"name":"T\u00e9l\u00e9ph\u00e9rique Urbain Sud Toulouse : Ce qu\u2019il faut retenir"}]},{"@type":"Person","@id":"https:\/\/www.immobiliare-neuf.fr\/blog\/#\/schema\/person\/6e1a43c3a2767543109ceb6f9dbbef4a","name":"immo1","image":{"@type":"ImageObject","@id":"https:\/\/www.immobiliare-neuf.fr\/blog\/#personlogo","inLanguage":"fr-FR","url":"http:\/\/0.gravatar.com\/avatar\/fc0b8723b1087fefc5c15987cae8eede?s=96&d=mm&r=g","contentUrl":"http:\/\/0.gravatar.com\/avatar\/fc0b8723b1087fefc5c15987cae8eede?s=96&d=mm&r=g","caption":"immo1"},"url":"http:\/\/www.immobiliare-neuf.fr\/blog\/author\/immo1\/"}]}},"_links":{"self":[{"href":"http:\/\/www.immobiliare-neuf.fr\/blog\/wp-json\/wp\/v2\/posts\/3310"}],"collection":[{"href":"http:\/\/www.immobiliare-neuf.fr\/blog\/wp-json\/wp\/v2\/posts"}],"about":[{"href":"http:\/\/www.immobiliare-neuf.fr\/blog\/wp-json\/wp\/v2\/types\/post"}],"author":[{"embeddable":true,"href":"http:\/\/www.immobiliare-neuf.fr\/blog\/wp-json\/wp\/v2\/users\/2"}],"replies":[{"embeddable":true,"href":"http:\/\/www.immobiliare-neuf.fr\/blog\/wp-json\/wp\/v2\/comments?post=3310"}],"version-history":[{"count":14,"href":"http:\/\/www.immobiliare-neuf.fr\/blog\/wp-json\/wp\/v2\/posts\/3310\/revisions"}],"predecessor-version":[{"id":3362,"href":"http:\/\/www.immobiliare-neuf.fr\/blog\/wp-json\/wp\/v2\/posts\/3310\/revisions\/3362"}],"wp:attachment":[{"href":"http:\/\/www.immobiliare-neuf.fr\/blog\/wp-json\/wp\/v2\/media?parent=3310"}],"wp:term":[{"taxonomy":"category","embeddable":true,"href":"http:\/\/www.immobiliare-neuf.fr\/blog\/wp-json\/wp\/v2\/categories?post=3310"},{"taxonomy":"post_tag","embeddable":true,"href":"http:\/\/www.immobiliare-neuf.fr\/blog\/wp-json\/wp\/v2\/tags?post=3310"}],"curies":[{"name":"wp","href":"https:\/\/api.w.org\/{rel}","templated":true}]}}