









{"id":3058,"date":"2016-06-20T15:14:39","date_gmt":"2016-06-20T14:14:39","guid":{"rendered":"http:\/\/www.immobiliare-neuf.fr\/blog\/?p=3058"},"modified":"2018-11-30T15:01:17","modified_gmt":"2018-11-30T14:01:17","slug":"appartement-neuf-a-tournefeuille","status":"publish","type":"post","link":"http:\/\/www.immobiliare-neuf.fr\/blog\/appartement-neuf-a-tournefeuille\/","title":{"rendered":"Votre appartement neuf \u00e0 Tournefeuille"},"content":{"rendered":"<p style=\"text-align: justify;\"><span style=\"font-size: 12pt;\">Vous souhaitez acheter un appartement neuf dans la commune verdoyante et tr\u00e8s pris\u00e9e de Tournefeuille\u00a0? D\u00e9couvrez ces <span style=\"color: #cc0066;\">appartements neufs d\u2019exception \u00e0 Tournefeuille, <\/span>du T2 au T5 \u00e0 partir de 148\u00a0000 \u20ac \u00e9ligibles loi Pinel et PTZ 2016.<\/span><\/p>\n<p style=\"text-align: justify;\"><span style=\"color: #ffffff;\">.<\/span><\/p>\n<p style=\"text-align: justify;\"><img loading=\"lazy\" decoding=\"async\" class=\"size-large wp-image-3068 alignnone\" src=\"http:\/\/www.immobiliare-neuf.fr\/blog\/wp-content\/uploads\/2016\/06\/appartements-tournfeuille-2-1024x400.jpg\" alt=\"Appartement neuf Tournefeuille\" width=\"1024\" height=\"400\" srcset=\"http:\/\/www.immobiliare-neuf.fr\/blog\/wp-content\/uploads\/2016\/06\/appartements-tournfeuille-2-1024x400.jpg 1024w, http:\/\/www.immobiliare-neuf.fr\/blog\/wp-content\/uploads\/2016\/06\/appartements-tournfeuille-2-300x117.jpg 300w, http:\/\/www.immobiliare-neuf.fr\/blog\/wp-content\/uploads\/2016\/06\/appartements-tournfeuille-2-768x300.jpg 768w, http:\/\/www.immobiliare-neuf.fr\/blog\/wp-content\/uploads\/2016\/06\/appartements-tournfeuille-2.jpg 1280w\" sizes=\"(max-width: 1024px) 100vw, 1024px\" \/><\/p>\n<p style=\"text-align: justify;\"><span style=\"color: #ffffff;\">.<\/span><\/p>\n<h2>Tournefeuille : ville pris\u00e9e de l&rsquo;ouest toulousain<\/h2>\n<p style=\"text-align: justify;\"><span style=\"font-size: 12pt;\">\u00c0 5 minutes \u00e0 peine du<strong> centre-ville de Tournefeuille<\/strong>, 2<\/span><span style=\"font-size: 13.3333px; line-height: 20px;\">\u00e8me<\/span><span style=\"font-size: 12pt;\">\u00a0commune la plus peupl\u00e9e de l\u2019Ouest toulousain avec ses 27\u00a0000 habitants, mais \u00e9galement la plus\u00a0 cot\u00e9e. Avec son<\/span><strong style=\"font-size: 12pt;\"> c\u0153ur de village authentique<\/strong><span style=\"font-size: 12pt;\"> et son esprit villageois, Tournefeuille est un lieu qui s\u00e9duit de nombreux acheteurs en r\u00e9sidence principale mais \u00e9galement quantit\u00e9 d\u2019investisseurs. Entre ville et campagne, elle comprend plus de 300 hectares d\u2019<\/span><strong style=\"font-size: 12pt;\">espaces verts<\/strong><span style=\"font-size: 12pt;\">\u00a0et de plans d\u2019eau donnant une ambiance paisible et un environnement cosy propice aux activit\u00e9s en plein air. Tournefeuille abrite ainsi une multitude d\u2019infrastructures sportives, d\u2019espaces verts et de sentiers invitant \u00e0 la promenade. La r\u00e9sidence est par ailleurs entour\u00e9e de <\/span><strong style=\"font-size: 12pt;\">nombreux commerces<\/strong><span style=\"font-size: 12pt;\"> de proximit\u00e9 et d&rsquo;installations de loisirs telles que les 4 salles de spectacles et de cin\u00e9mas pr\u00e9sentes sur la commune. Tournefeuille compte \u00e9galement 6 \u00e9coles dont 2 coll\u00e8ges et un lyc\u00e9e. L\u2019environnement r\u00e9sidentiel de la commune de Tournefeuille offre une qualit\u00e9 de vie proche de la campagne \u00e0 quelques encablures de la ville.<\/span><\/p>\n<p><img loading=\"lazy\" decoding=\"async\" class=\"aligncenter wp-image-3065 \" src=\"http:\/\/www.immobiliare-neuf.fr\/blog\/wp-content\/uploads\/2016\/06\/tournefeuille.jpg\" alt=\"Appartement neuf Tournefeuille\" width=\"310\" height=\"206\" srcset=\"http:\/\/www.immobiliare-neuf.fr\/blog\/wp-content\/uploads\/2016\/06\/tournefeuille.jpg 275w, http:\/\/www.immobiliare-neuf.fr\/blog\/wp-content\/uploads\/2016\/06\/tournefeuille-140x94.jpg 140w\" sizes=\"(max-width: 310px) 100vw, 310px\" \/><\/p>\n<p style=\"text-align: justify;\"><span style=\"color: #ffffff;\">.<\/span><\/p>\n<h2>Tournefeuille : un emplacement privil\u00e9gi\u00e9<\/h2>\n<p style=\"text-align: justify;\"><span style=\"font-size: 12pt;\">La ville de Tournefeuille dispose d\u2019un cadre de vie rare tout en b\u00e9n\u00e9ficiant de la proximit\u00e9 de grands <strong>bassins d\u2019emplois<\/strong> et du dynamisme de l\u2019agglom\u00e9ration toulousaine. \u00c0 seulement <strong>12 kilom\u00e8tres de la Place du Capitole<\/strong>, Tournefeuille poss\u00e8de l\u2019esprit d\u2019un village aux portes de la Ville rose. La commune se trouve \u00e0 quelques minutes du p\u00f4le a\u00e9ronautique de Blagnac, d\u2019Airbus et de Safran g\u00e9n\u00e9rant tous trois une multitude d\u2019emplois et constituant ainsi un atout non-n\u00e9gligeable pour un <strong>investissement en loi Pinel<\/strong>.<\/span><\/p>\n<p style=\"text-align: justify;\"><span style=\"font-size: 12pt;\">\u00c0 proximit\u00e9 de la base de loisirs et de sport de la Ram\u00e9e, Tournefeuille est entour\u00e9e d\u2019espaces dynamiques et conviviaux contribuant \u00e0 la qualit\u00e9 de vie de ses habitants. La commune est par ailleurs <strong>parfaitement desservie<\/strong> permettant un acc\u00e8s rapide \u00e0 toutes les grandes villes et bassins d\u2019emplois \u00e0 proximit\u00e9\u00a0: rocade Arc-en-Ciel \u00e0 6 minutes de la r\u00e9sidence, nombreuses lignes de bus Tisseo (lignes 21, 63, 65 et 67), m\u00e9tro ligne A (station Basso Cambo) \u00e0 quelques minutes de la r\u00e9sidence. Les nouveaux projets d\u2019am\u00e9nagement des transports devraient \u00e9galement b\u00e9n\u00e9ficier \u00e0 la commune et \u00e0 la r\u00e9sidence puisque Tournefeuille sera desservie en 2018 par la <strong>ligne de bus Ouest toulousain Lin\u00e9o<\/strong> qui reliera la ville \u00e0 la gare SNCF Ar\u00e8nes.<\/span><\/p>\n<p style=\"text-align: justify;\"><span style=\"color: #ffffff;\">.<\/span><\/p>\n<p><img loading=\"lazy\" decoding=\"async\" class=\"aligncenter size-full wp-image-3066\" src=\"http:\/\/www.immobiliare-neuf.fr\/blog\/wp-content\/uploads\/2016\/06\/carte-r\u00e9sidence-tournefeuille.png\" alt=\"carte r\u00e9sidence tournefeuille\" width=\"546\" height=\"290\" srcset=\"http:\/\/www.immobiliare-neuf.fr\/blog\/wp-content\/uploads\/2016\/06\/carte-r\u00e9sidence-tournefeuille.png 546w, http:\/\/www.immobiliare-neuf.fr\/blog\/wp-content\/uploads\/2016\/06\/carte-r\u00e9sidence-tournefeuille-300x159.png 300w\" sizes=\"(max-width: 546px) 100vw, 546px\" \/><\/p>\n<p>&nbsp;<\/p>\n<h2>De superbes appartements aux prestations travaill\u00e9es<\/h2>\n<p style=\"text-align: justify;\"><span style=\"font-size: 12pt;\"><strong>Cette\u00a0r\u00e9sidence \u00e0 taille humaine<\/strong> s\u2019articule autour de 3 b\u00e2timents offrant quelques appartements spacieux et lumineux se prolongeant sur des<strong> balcons<\/strong>, <strong>terrasses<\/strong> ou<strong> jardins<\/strong> privatifs au rez-de-chauss\u00e9e. Situ\u00e9e en retrait des voies afin de pr\u00e9server la <strong>tranquillit\u00e9 et la s\u00e9r\u00e9nit\u00e9<\/strong> des r\u00e9sidents, elle propose \u00e9galement quelques appartements de style \u00ab\u00a0villa sur le toit\u00a0\u00bb offrant de vastes espaces ext\u00e9rieurs et un panoramique appr\u00e9ciable sur la<strong> commune verdoyante<\/strong> de Tournefeuille. <\/span><\/p>\n<p style=\"text-align: justify;\"><span style=\"font-size: 12pt;\">Les nouvelles normes de construction du neuf offrent par ailleurs \u00e0 ces logements des prestations sans pareil avec la meilleure isolation thermique et phonique permettant des \u00e9conomies d\u2019\u00e9nergie consid\u00e9rables :<\/span><\/p>\n<ul>\n<li><span style=\"font-size: 12pt;\">Chaudi\u00e8re individuelle \u00e0 gaz<\/span><\/li>\n<li><span style=\"font-size: 12pt;\">Label BBC RT 2012<\/span><\/li>\n<li><span style=\"font-size: 12pt;\">Label NF Habitat<\/span><\/li>\n<\/ul>\n<p><span style=\"font-size: 12pt;\">B\u00e9n\u00e9ficiez de prestations de qualit\u00e9 :<\/span><\/p>\n<ul>\n<li><span style=\"font-size: 12pt;\">Balcon, terrasse ou jardin privatif\u00a0rev\u00eatus de dalles c\u00e9ramiques ou de bois<\/span><\/li>\n<li><span style=\"font-size: 12pt;\">Carrelage avec plinthes assorties dans pi\u00e8ces de r\u00e9ception et pi\u00e8ces d&rsquo;eau<\/span><\/li>\n<li><span style=\"font-size: 12pt;\">Parquet stratifi\u00e9 dans les chambres<\/span><span style=\"font-size: 12pt;\">\u00a0<\/span><\/li>\n<\/ul>\n<p><img loading=\"lazy\" decoding=\"async\" class=\"aligncenter size-full wp-image-3067\" src=\"http:\/\/www.immobiliare-neuf.fr\/blog\/wp-content\/uploads\/2016\/06\/appartement-tournefeuille-int\u00e9rieur.jpg\" alt=\"Appartement neuf Tournefeuille\" width=\"960\" height=\"700\" srcset=\"http:\/\/www.immobiliare-neuf.fr\/blog\/wp-content\/uploads\/2016\/06\/appartement-tournefeuille-int\u00e9rieur.jpg 960w, http:\/\/www.immobiliare-neuf.fr\/blog\/wp-content\/uploads\/2016\/06\/appartement-tournefeuille-int\u00e9rieur-300x219.jpg 300w, http:\/\/www.immobiliare-neuf.fr\/blog\/wp-content\/uploads\/2016\/06\/appartement-tournefeuille-int\u00e9rieur-768x560.jpg 768w\" sizes=\"(max-width: 960px) 100vw, 960px\" \/><\/p>\n<h2><span style=\"color: #ffffff;\">.<\/span><\/h2>\n<h2>Les prix<\/h2>\n<ul>\n<li><span style=\"font-size: 12pt;\">Appartement <strong>T2 jusqu&rsquo;\u00e0 43 m\u00b2<\/strong>+ balcon + parking \u00e0 partir de <strong>148.000 \u20ac<\/strong><\/span><\/li>\n<li><span style=\"font-size: 12pt;\">Appartement <strong>T3 jusqu&rsquo;\u00e0 65 m\u00b2<\/strong> + balcon + parking \u00e0 partir de <strong>218.000 \u20ac<\/strong><\/span><\/li>\n<li><span style=\"font-size: 12pt;\">Appartement <strong>T4 jusqu&rsquo;\u00e0 88 m\u00b2<\/strong> + balcon + parking \u00e0 partir de <strong>285.000 \u20ac<\/strong><\/span><\/li>\n<li><span style=\"font-size: 12pt;\">Appartement <strong>T5 villa sur le toit 94 m\u00b2<\/strong> + terrasse plein ciel 85 m\u00b2 + parking <strong>\u00e0 332.000\u20ac<\/strong><\/span><\/li>\n<\/ul>\n<p>&nbsp;<\/p>\n<p style=\"text-align: justify;\"><span style=\"font-size: 12pt;\">Ces appartements aux <strong>prestations de qualit\u00e9,<\/strong> situ\u00e9s dans un environnement<strong> r\u00e9sidentiel<\/strong> dans la commune de Tournefeuille, disposent de tous les atouts n\u00e9cessaires pour constituer un investissement locatif s\u00e9curis\u00e9.\u00a0<\/span><\/p>\n<p><span style=\"color: #ffffff;\">.<\/span><\/p>\n<h2>Vous souhaitez en savoir plus\u00a0? Contactez-nous !<\/h2>\n<div role=\"form\" class=\"wpcf7\" id=\"wpcf7-f9-o1\" lang=\"fr-FR\" dir=\"ltr\">\n<div class=\"screen-reader-response\"><p role=\"status\" aria-live=\"polite\" aria-atomic=\"true\"><\/p> <ul><\/ul><\/div>\n<form action=\"\/blog\/wp-json\/wp\/v2\/posts\/3058#wpcf7-f9-o1\" method=\"post\" class=\"wpcf7-form init\" novalidate=\"novalidate\" data-status=\"init\">\n<div style=\"display: none;\">\n<input type=\"hidden\" name=\"_wpcf7\" value=\"9\" \/>\n<input type=\"hidden\" name=\"_wpcf7_version\" value=\"5.5.3\" \/>\n<input type=\"hidden\" name=\"_wpcf7_locale\" value=\"fr_FR\" \/>\n<input type=\"hidden\" name=\"_wpcf7_unit_tag\" value=\"wpcf7-f9-o1\" \/>\n<input type=\"hidden\" name=\"_wpcf7_container_post\" value=\"0\" \/>\n<input type=\"hidden\" name=\"_wpcf7_posted_data_hash\" value=\"\" \/>\n<\/div>\n<p>Votre Nom (obligatoire)<br \/>\n    <span class=\"wpcf7-form-control-wrap your-name\"><input type=\"text\" name=\"your-name\" value=\"\" size=\"40\" class=\"wpcf7-form-control wpcf7-text wpcf7-validates-as-required\" aria-required=\"true\" aria-invalid=\"false\" \/><\/span> <\/p>\n<p>Votre Email (obligatoire)<br \/>\n    <span class=\"wpcf7-form-control-wrap your-email\"><input type=\"email\" name=\"your-email\" value=\"\" size=\"40\" class=\"wpcf7-form-control wpcf7-text wpcf7-email wpcf7-validates-as-required wpcf7-validates-as-email\" aria-required=\"true\" aria-invalid=\"false\" \/><\/span> <\/p>\n<p>Votre T\u00e9l\u00e9phone (obligatoire)<br \/>\n         <span class=\"wpcf7-form-control-wrap tel-618\"><input type=\"tel\" name=\"tel-618\" value=\"\" size=\"40\" class=\"wpcf7-form-control wpcf7-text wpcf7-tel wpcf7-validates-as-required wpcf7-validates-as-tel\" aria-required=\"true\" aria-invalid=\"false\" \/><\/span> <\/p>\n<p>Votre Message<br \/>\n    <span class=\"wpcf7-form-control-wrap your-message\"><textarea name=\"your-message\" cols=\"40\" rows=\"10\" class=\"wpcf7-form-control wpcf7-textarea\" aria-invalid=\"false\"><\/textarea><\/span> <\/p>\n<p><input type=\"hidden\" name=\"_wpcf7_captcha_challenge_Captcha\" value=\"0\" \/><img loading=\"lazy\" decoding=\"async\" class=\"wpcf7-form-control wpcf7-captchac wpcf7-captcha-Captcha\" width=\"72\" height=\"24\" alt=\"captcha\" src=\"http:\/\/www.immobiliare-neuf.fr\/blog\/wp-content\/uploads\/wpcf7_captcha\/0.png\" \/><br \/>\nCaptcha : <span class=\"wpcf7-form-control-wrap Captcha\"><input type=\"text\" name=\"Captcha\" value=\"\" size=\"40\" class=\"wpcf7-form-control wpcf7-captchar\" autocomplete=\"off\" aria-invalid=\"false\" \/><\/span><\/p>\n<p><input type=\"submit\" value=\"Envoyer\" class=\"wpcf7-form-control has-spinner wpcf7-submit\" \/><\/p>\n<p style=\"display: none !important;\"><label>&#916;<textarea name=\"_wpcf7_ak_hp_textarea\" cols=\"45\" rows=\"8\" maxlength=\"100\"><\/textarea><\/label><input type=\"hidden\" id=\"ak_js\" name=\"_wpcf7_ak_js\" value=\"235\"\/><script>document.getElementById( \"ak_js\" ).setAttribute( \"value\", ( new Date() ).getTime() );<\/script><\/p><div class=\"wpcf7-response-output\" aria-hidden=\"true\"><\/div><\/form><\/div>\n<p><em>Les informations communiqu\u00e9es sont destin\u00e9es \u00e0 l\u2019Agence immobili\u00e8re \u00e9ditrice de ce site. Vous b\u00e9n\u00e9ficiez d\u2019un droit d\u2019acc\u00e8s, de modification, de rectification et de suppression de vos donn\u00e9es personnelles (Loi n\u00b02004-575 du 21 juin 2004 pour la confiance dans l\u2019\u00e9conomie num\u00e9rique). Pour les exercer, adressez-vous \u00e0 l\u2019adresse de l\u2019Editeur.\u00a0<\/em><\/p>\n","protected":false},"excerpt":{"rendered":"<p>Vous souhaitez acheter un appartement neuf dans la commune verdoyante et tr\u00e8s pris\u00e9e de Tournefeuille\u00a0? D\u00e9couvrez ces appartements neufs d\u2019exception \u00e0 Tournefeuille, du T2 au T5 \u00e0 partir de 148\u00a0000 \u20ac \u00e9ligibles loi Pinel et PTZ 2016. . . Tournefeuille : ville pris\u00e9e de l&rsquo;ouest toulousain \u00c0 5 minutes \u00e0 peine du centre-ville de Tournefeuille, [&hellip;]<\/p>\n","protected":false},"author":2,"featured_media":0,"comment_status":"open","ping_status":"closed","sticky":true,"template":"","format":"standard","meta":{"_bbp_topic_count":0,"_bbp_reply_count":0,"_bbp_total_topic_count":0,"_bbp_total_reply_count":0,"_bbp_voice_count":0,"_bbp_anonymous_reply_count":0,"_bbp_topic_count_hidden":0,"_bbp_reply_count_hidden":0,"_bbp_forum_subforum_count":0,"footnotes":""},"categories":[18],"tags":[],"yoast_head":"<!-- This site is optimized with the Yoast SEO plugin v17.7 - https:\/\/yoast.com\/wordpress\/plugins\/seo\/ -->\n<title>Votre appartement neuf \u00e0 Tournefeuille<\/title>\n<meta name=\"description\" content=\"Vous souhaitez acheter un appartement neuf \u00e0 Tournefeuille ? D\u00e9couvrez ces appartements neufs d&#039;exception \u00e0 partir de 148.000\u20ac.\" \/>\n<meta name=\"robots\" content=\"index, follow, max-snippet:-1, max-image-preview:large, max-video-preview:-1\" \/>\n<link rel=\"canonical\" href=\"http:\/\/www.immobiliare-neuf.fr\/blog\/appartement-neuf-a-tournefeuille\/\" \/>\n<meta property=\"og:locale\" content=\"fr_FR\" \/>\n<meta property=\"og:type\" content=\"article\" \/>\n<meta property=\"og:title\" content=\"Votre appartement neuf \u00e0 Tournefeuille\" \/>\n<meta property=\"og:description\" content=\"Vous souhaitez acheter un appartement neuf \u00e0 Tournefeuille ? D\u00e9couvrez ces appartements neufs d&#039;exception \u00e0 partir de 148.000\u20ac.\" \/>\n<meta property=\"og:url\" content=\"http:\/\/www.immobiliare-neuf.fr\/blog\/appartement-neuf-a-tournefeuille\/\" \/>\n<meta property=\"og:site_name\" content=\"Maisons et appartements neufs |Toulouse Immobilier neuf\" \/>\n<meta property=\"article:publisher\" content=\"https:\/\/www.facebook.com\/pages\/Immobiliare-31\/188363961250077?ref_type=bookmark\" \/>\n<meta property=\"article:published_time\" content=\"2016-06-20T14:14:39+00:00\" \/>\n<meta property=\"article:modified_time\" content=\"2018-11-30T14:01:17+00:00\" \/>\n<meta property=\"og:image\" content=\"http:\/\/www.immobiliare-neuf.fr\/blog\/wp-content\/uploads\/2016\/06\/appartements-tournfeuille-2-1024x400.jpg\" \/>\n<meta name=\"twitter:label1\" content=\"\u00c9crit par\" \/>\n\t<meta name=\"twitter:data1\" content=\"immo1\" \/>\n\t<meta name=\"twitter:label2\" content=\"Dur\u00e9e de lecture estim\u00e9e\" \/>\n\t<meta name=\"twitter:data2\" content=\"4 minutes\" \/>\n<script type=\"application\/ld+json\" class=\"yoast-schema-graph\">{\"@context\":\"https:\/\/schema.org\",\"@graph\":[{\"@type\":\"WebSite\",\"@id\":\"http:\/\/www.immobiliare-neuf.fr\/blog\/#website\",\"url\":\"http:\/\/www.immobiliare-neuf.fr\/blog\/\",\"name\":\"Maisons et appartements neufs |Toulouse Immobilier neuf\",\"description\":\"Toute l&#039;actu de l&#039;immobilier neuf \\u00e0 Toulouse !\",\"potentialAction\":[{\"@type\":\"SearchAction\",\"target\":{\"@type\":\"EntryPoint\",\"urlTemplate\":\"http:\/\/www.immobiliare-neuf.fr\/blog\/?s={search_term_string}\"},\"query-input\":\"required name=search_term_string\"}],\"inLanguage\":\"fr-FR\"},{\"@type\":\"ImageObject\",\"@id\":\"http:\/\/www.immobiliare-neuf.fr\/blog\/appartement-neuf-a-tournefeuille\/#primaryimage\",\"inLanguage\":\"fr-FR\",\"url\":\"http:\/\/www.immobiliare-neuf.fr\/blog\/wp-content\/uploads\/2016\/06\/appartements-tournfeuille-2.jpg\",\"contentUrl\":\"http:\/\/www.immobiliare-neuf.fr\/blog\/wp-content\/uploads\/2016\/06\/appartements-tournfeuille-2.jpg\",\"width\":1280,\"height\":500},{\"@type\":\"WebPage\",\"@id\":\"http:\/\/www.immobiliare-neuf.fr\/blog\/appartement-neuf-a-tournefeuille\/#webpage\",\"url\":\"http:\/\/www.immobiliare-neuf.fr\/blog\/appartement-neuf-a-tournefeuille\/\",\"name\":\"Votre appartement neuf \\u00e0 Tournefeuille\",\"isPartOf\":{\"@id\":\"http:\/\/www.immobiliare-neuf.fr\/blog\/#website\"},\"primaryImageOfPage\":{\"@id\":\"http:\/\/www.immobiliare-neuf.fr\/blog\/appartement-neuf-a-tournefeuille\/#primaryimage\"},\"datePublished\":\"2016-06-20T14:14:39+00:00\",\"dateModified\":\"2018-11-30T14:01:17+00:00\",\"author\":{\"@id\":\"http:\/\/www.immobiliare-neuf.fr\/blog\/#\/schema\/person\/6e1a43c3a2767543109ceb6f9dbbef4a\"},\"description\":\"Vous souhaitez acheter un appartement neuf \\u00e0 Tournefeuille ? D\\u00e9couvrez ces appartements neufs d'exception \\u00e0 partir de 148.000\\u20ac.\",\"breadcrumb\":{\"@id\":\"http:\/\/www.immobiliare-neuf.fr\/blog\/appartement-neuf-a-tournefeuille\/#breadcrumb\"},\"inLanguage\":\"fr-FR\",\"potentialAction\":[{\"@type\":\"ReadAction\",\"target\":[\"http:\/\/www.immobiliare-neuf.fr\/blog\/appartement-neuf-a-tournefeuille\/\"]}]},{\"@type\":\"BreadcrumbList\",\"@id\":\"http:\/\/www.immobiliare-neuf.fr\/blog\/appartement-neuf-a-tournefeuille\/#breadcrumb\",\"itemListElement\":[{\"@type\":\"ListItem\",\"position\":1,\"name\":\"Accueil\",\"item\":\"http:\/\/www.immobiliare-neuf.fr\/blog\/\"},{\"@type\":\"ListItem\",\"position\":2,\"name\":\"Votre appartement neuf \\u00e0 Tournefeuille\"}]},{\"@type\":\"Person\",\"@id\":\"http:\/\/www.immobiliare-neuf.fr\/blog\/#\/schema\/person\/6e1a43c3a2767543109ceb6f9dbbef4a\",\"name\":\"immo1\",\"image\":{\"@type\":\"ImageObject\",\"@id\":\"http:\/\/www.immobiliare-neuf.fr\/blog\/#personlogo\",\"inLanguage\":\"fr-FR\",\"url\":\"http:\/\/0.gravatar.com\/avatar\/fc0b8723b1087fefc5c15987cae8eede?s=96&d=mm&r=g\",\"contentUrl\":\"http:\/\/0.gravatar.com\/avatar\/fc0b8723b1087fefc5c15987cae8eede?s=96&d=mm&r=g\",\"caption\":\"immo1\"},\"url\":\"http:\/\/www.immobiliare-neuf.fr\/blog\/author\/immo1\/\"}]}<\/script>\n<!-- \/ Yoast SEO plugin. -->","yoast_head_json":{"title":"Votre appartement neuf \u00e0 Tournefeuille","description":"Vous souhaitez acheter un appartement neuf \u00e0 Tournefeuille ? D\u00e9couvrez ces appartements neufs d'exception \u00e0 partir de 148.000\u20ac.","robots":{"index":"index","follow":"follow","max-snippet":"max-snippet:-1","max-image-preview":"max-image-preview:large","max-video-preview":"max-video-preview:-1"},"canonical":"http:\/\/www.immobiliare-neuf.fr\/blog\/appartement-neuf-a-tournefeuille\/","og_locale":"fr_FR","og_type":"article","og_title":"Votre appartement neuf \u00e0 Tournefeuille","og_description":"Vous souhaitez acheter un appartement neuf \u00e0 Tournefeuille ? D\u00e9couvrez ces appartements neufs d'exception \u00e0 partir de 148.000\u20ac.","og_url":"http:\/\/www.immobiliare-neuf.fr\/blog\/appartement-neuf-a-tournefeuille\/","og_site_name":"Maisons et appartements neufs |Toulouse Immobilier neuf","article_publisher":"https:\/\/www.facebook.com\/pages\/Immobiliare-31\/188363961250077?ref_type=bookmark","article_published_time":"2016-06-20T14:14:39+00:00","article_modified_time":"2018-11-30T14:01:17+00:00","og_image":[{"url":"http:\/\/www.immobiliare-neuf.fr\/blog\/wp-content\/uploads\/2016\/06\/appartements-tournfeuille-2-1024x400.jpg"}],"twitter_misc":{"\u00c9crit par":"immo1","Dur\u00e9e de lecture estim\u00e9e":"4 minutes"},"schema":{"@context":"https:\/\/schema.org","@graph":[{"@type":"WebSite","@id":"http:\/\/www.immobiliare-neuf.fr\/blog\/#website","url":"http:\/\/www.immobiliare-neuf.fr\/blog\/","name":"Maisons et appartements neufs |Toulouse Immobilier neuf","description":"Toute l&#039;actu de l&#039;immobilier neuf \u00e0 Toulouse !","potentialAction":[{"@type":"SearchAction","target":{"@type":"EntryPoint","urlTemplate":"http:\/\/www.immobiliare-neuf.fr\/blog\/?s={search_term_string}"},"query-input":"required name=search_term_string"}],"inLanguage":"fr-FR"},{"@type":"ImageObject","@id":"http:\/\/www.immobiliare-neuf.fr\/blog\/appartement-neuf-a-tournefeuille\/#primaryimage","inLanguage":"fr-FR","url":"http:\/\/www.immobiliare-neuf.fr\/blog\/wp-content\/uploads\/2016\/06\/appartements-tournfeuille-2.jpg","contentUrl":"http:\/\/www.immobiliare-neuf.fr\/blog\/wp-content\/uploads\/2016\/06\/appartements-tournfeuille-2.jpg","width":1280,"height":500},{"@type":"WebPage","@id":"http:\/\/www.immobiliare-neuf.fr\/blog\/appartement-neuf-a-tournefeuille\/#webpage","url":"http:\/\/www.immobiliare-neuf.fr\/blog\/appartement-neuf-a-tournefeuille\/","name":"Votre appartement neuf \u00e0 Tournefeuille","isPartOf":{"@id":"http:\/\/www.immobiliare-neuf.fr\/blog\/#website"},"primaryImageOfPage":{"@id":"http:\/\/www.immobiliare-neuf.fr\/blog\/appartement-neuf-a-tournefeuille\/#primaryimage"},"datePublished":"2016-06-20T14:14:39+00:00","dateModified":"2018-11-30T14:01:17+00:00","author":{"@id":"http:\/\/www.immobiliare-neuf.fr\/blog\/#\/schema\/person\/6e1a43c3a2767543109ceb6f9dbbef4a"},"description":"Vous souhaitez acheter un appartement neuf \u00e0 Tournefeuille ? D\u00e9couvrez ces appartements neufs d'exception \u00e0 partir de 148.000\u20ac.","breadcrumb":{"@id":"http:\/\/www.immobiliare-neuf.fr\/blog\/appartement-neuf-a-tournefeuille\/#breadcrumb"},"inLanguage":"fr-FR","potentialAction":[{"@type":"ReadAction","target":["http:\/\/www.immobiliare-neuf.fr\/blog\/appartement-neuf-a-tournefeuille\/"]}]},{"@type":"BreadcrumbList","@id":"http:\/\/www.immobiliare-neuf.fr\/blog\/appartement-neuf-a-tournefeuille\/#breadcrumb","itemListElement":[{"@type":"ListItem","position":1,"name":"Accueil","item":"http:\/\/www.immobiliare-neuf.fr\/blog\/"},{"@type":"ListItem","position":2,"name":"Votre appartement neuf \u00e0 Tournefeuille"}]},{"@type":"Person","@id":"http:\/\/www.immobiliare-neuf.fr\/blog\/#\/schema\/person\/6e1a43c3a2767543109ceb6f9dbbef4a","name":"immo1","image":{"@type":"ImageObject","@id":"http:\/\/www.immobiliare-neuf.fr\/blog\/#personlogo","inLanguage":"fr-FR","url":"http:\/\/0.gravatar.com\/avatar\/fc0b8723b1087fefc5c15987cae8eede?s=96&d=mm&r=g","contentUrl":"http:\/\/0.gravatar.com\/avatar\/fc0b8723b1087fefc5c15987cae8eede?s=96&d=mm&r=g","caption":"immo1"},"url":"http:\/\/www.immobiliare-neuf.fr\/blog\/author\/immo1\/"}]}},"_links":{"self":[{"href":"http:\/\/www.immobiliare-neuf.fr\/blog\/wp-json\/wp\/v2\/posts\/3058"}],"collection":[{"href":"http:\/\/www.immobiliare-neuf.fr\/blog\/wp-json\/wp\/v2\/posts"}],"about":[{"href":"http:\/\/www.immobiliare-neuf.fr\/blog\/wp-json\/wp\/v2\/types\/post"}],"author":[{"embeddable":true,"href":"http:\/\/www.immobiliare-neuf.fr\/blog\/wp-json\/wp\/v2\/users\/2"}],"replies":[{"embeddable":true,"href":"http:\/\/www.immobiliare-neuf.fr\/blog\/wp-json\/wp\/v2\/comments?post=3058"}],"version-history":[{"count":16,"href":"http:\/\/www.immobiliare-neuf.fr\/blog\/wp-json\/wp\/v2\/posts\/3058\/revisions"}],"predecessor-version":[{"id":3491,"href":"http:\/\/www.immobiliare-neuf.fr\/blog\/wp-json\/wp\/v2\/posts\/3058\/revisions\/3491"}],"wp:attachment":[{"href":"http:\/\/www.immobiliare-neuf.fr\/blog\/wp-json\/wp\/v2\/media?parent=3058"}],"wp:term":[{"taxonomy":"category","embeddable":true,"href":"http:\/\/www.immobiliare-neuf.fr\/blog\/wp-json\/wp\/v2\/categories?post=3058"},{"taxonomy":"post_tag","embeddable":true,"href":"http:\/\/www.immobiliare-neuf.fr\/blog\/wp-json\/wp\/v2\/tags?post=3058"}],"curies":[{"name":"wp","href":"https:\/\/api.w.org\/{rel}","templated":true}]}}