









{"id":2732,"date":"2016-01-18T17:53:25","date_gmt":"2016-01-18T16:53:25","guid":{"rendered":"http:\/\/www.immobiliare-neuf.fr\/blog\/?p=2732"},"modified":"2016-09-20T19:41:27","modified_gmt":"2016-09-20T18:41:27","slug":"toulouse-trace-de-3eme-ligne-de-metro","status":"publish","type":"post","link":"http:\/\/www.immobiliare-neuf.fr\/blog\/toulouse-trace-de-3eme-ligne-de-metro\/","title":{"rendered":"Toulouse : Quel est le trac\u00e9 de la 3\u00e8me ligne de m\u00e9tro ?"},"content":{"rendered":"<p style=\"text-align: justify;\"><span style=\"font-size: 14pt;\">Quel est le trac\u00e9 de la 3\u00e8me ligne de m\u00e9tro toulousain ? Et quels quartiers de Toulouse vont prochainement b\u00e9n\u00e9ficier de l&rsquo;arriv\u00e9e de cette\u00a0troisi\u00e8me ligne de m\u00e9tro ?\u00a0<\/span><\/p>\n<h2 class=\"bigger mts mbs\" data-role=\"chapo\"><\/h2>\n<p><span style=\"color: #ffffff;\">.<\/span><\/p>\n<p style=\"text-align: justify;\"><span style=\"font-size: 12pt;\">Annonc\u00e9e pour 2024 et longue de 21.7km, \u00a0la troisi\u00e8me de m\u00e9tro de Toulouse baptis\u00e9e Toulouse Aerospace Express (TAE), reliera le site d&rsquo;Airbus Colomiers au nord ouest de l&rsquo;agglom\u00e9ration toulousaine, \u00e0 Airbus Defense and Space au sud.\u00a0\u00ab Cette ligne va r\u00e9pondre \u00e0 trois enjeux : un enjeu capacitaire pour r\u00e9pondre \u00e0 la hausse des besoins en d\u00e9placements dans notre agglom\u00e9ration dans les ann\u00e9es \u00e0 venir, un enjeu \u00e9conomique puisque Toulouse Aerospace Express sera la ligne de l\u2019emploi et un enjeu urbain puisqu\u2019elle sera la ligne du renouvellement urbain\u00a0\u00bb pr\u00e9cise\u00a0Jean-Michel Lattes,\u00a0Pr\u00e9sident de Tiss\u00e9o-SMTC.<\/span><\/p>\n<p style=\"text-align: justify;\"><span style=\"font-size: 12pt;\">Un vaste projet qui facilitera effectivement l&rsquo;acc\u00e8s\u00a0\u00e0\u00a0d&rsquo;importants bassins d&#8217;emploi (Airbus Colomiers, Airbus Saint-Martin, Montaudran&#8230;) et\u00a0permettra \u00e9galement \u00e0 de nombreux quartiers de la ville rose de b\u00e9n\u00e9ficier d&rsquo;une surcote.\u00a0<\/span><\/p>\n<p><span style=\"font-size: 12pt; color: #ffffff;\">.<\/span><\/p>\n<p><a href=\"http:\/\/www.immobiliare-neuf.fr\/blog\/wp-content\/uploads\/2016\/01\/plan_m\u00e9tro_toulouse.png\"><img loading=\"lazy\" decoding=\"async\" class=\"alignleft size-large wp-image-2734\" src=\"http:\/\/www.immobiliare-neuf.fr\/blog\/wp-content\/uploads\/2016\/01\/plan_m\u00e9tro_toulouse-1024x1024.png\" alt=\"plan_m\u00e9tro_toulouse\" width=\"1024\" height=\"1024\" srcset=\"http:\/\/www.immobiliare-neuf.fr\/blog\/wp-content\/uploads\/2016\/01\/plan_m\u00e9tro_toulouse-1024x1024.png 1024w, http:\/\/www.immobiliare-neuf.fr\/blog\/wp-content\/uploads\/2016\/01\/plan_m\u00e9tro_toulouse-150x150.png 150w, http:\/\/www.immobiliare-neuf.fr\/blog\/wp-content\/uploads\/2016\/01\/plan_m\u00e9tro_toulouse-300x300.png 300w, http:\/\/www.immobiliare-neuf.fr\/blog\/wp-content\/uploads\/2016\/01\/plan_m\u00e9tro_toulouse-182x182.png 182w, http:\/\/www.immobiliare-neuf.fr\/blog\/wp-content\/uploads\/2016\/01\/plan_m\u00e9tro_toulouse-83x83.png 83w, http:\/\/www.immobiliare-neuf.fr\/blog\/wp-content\/uploads\/2016\/01\/plan_m\u00e9tro_toulouse-184x184.png 184w\" sizes=\"(max-width: 1024px) 100vw, 1024px\" \/><\/a><\/p>\n<p><span style=\"color: #ffffff;\">.<\/span><\/p>\n<h2>Le quartier de la C\u00f4te Pav\u00e9e<\/h2>\n<p style=\"text-align: justify;\"><span style=\"font-size: 12pt;\">D\u00e9j\u00e0 tr\u00e8s cot\u00e9, le quartier de la C\u00f4te Pav\u00e9e disposera bient\u00f4t non pas d&rsquo;un acc\u00e8s mais bien de deux\u00a0acc\u00e8s au m\u00e9tro, via les arr\u00eats C\u00f4te Pav\u00e9e et Jean Rieux. Une heureuse nouvelle pour les habitants de ce quartier jusqu&rsquo;\u00e0 pr\u00e9sent relativement peu\u00a0desservi en transports en commun. Mieux desservi, ce quartier attire d&rsquo;ores et d\u00e9ja davantage\u00a0d&rsquo;investisseurs en immobilier, souhaitant notamment investir en loi Pinel.\u00a0<\/span><br \/>\n<span style=\"font-size: 12pt;\">Consultez notre s\u00e9lection de <a href=\"http:\/\/www.immobiliare-neuf.fr\/vl-toulouse-cote-pavee\" target=\"_blank\">maisons et appartements neufs \u00e0 C\u00f4te Pav\u00e9e<\/a>.\u00a0<\/span><\/p>\n<p>&nbsp;<\/p>\n<h2>Le quartier des Septs-Deniers<\/h2>\n<p><span style=\"font-size: 12pt;\">A l&rsquo;ouest,\u00a0les habitants du quartier des <strong>Sept Deniers<\/strong>, pourront prendre le m\u00e9tro \u00e0 la\u00a0station Espace Job ou \u00e0 la station Sept Deniers<strong>\u00a0<\/strong>Ernest Wallon si l\u2019a\u00e9roport est finalement reli\u00e9.<\/span><\/p>\n<p><span style=\"font-size: 12pt;\">Consultez notre de s\u00e9lection\u00a0de <a href=\"http:\/\/www.immobiliare-neuf.fr\/vl-sept-deniers\" target=\"_blank\">maisons et appartements neufs aux Sept-Deniers<\/a><\/span><\/p>\n<h3><span style=\"font-size: 12pt; color: #ffffff;\">.<\/span><\/h3>\n<h2>Le quartier Bonnefoy<span style=\"font-size: 12pt;\">\u00a0<\/span><\/h2>\n<p style=\"text-align: justify;\"><span style=\"font-size: 12pt;\">Outre l&rsquo;interconnexion avec la ligne A \u00e0 la station <strong>Marengo<\/strong>, les habitants du quartier r\u00e9sidentiel de <strong>Bonnefoy<\/strong> pourront \u00e9galement profiter d&rsquo;une station d\u00e9di\u00e9e.\u00a0<\/span><\/p>\n<p style=\"text-align: justify;\"><span style=\"color: #ffffff;\">.<\/span><\/p>\n<h2 style=\"text-align: justify;\"><\/h2>\n<h2 style=\"text-align: justify;\">Un n\u0153ud multimodal \u00e0\u00a0La Vache<\/h2>\n<p style=\"text-align: justify;\"><span style=\"font-size: 12pt;\">Un p\u00f4le multimodal sera cr\u00e9\u00e9 \u00e0 la station <strong>La Vache\u00a0a<\/strong>ctuellement desservie par la ligne B du m\u00e9tro.<\/span><\/p>\n<p style=\"text-align: justify;\"><span style=\"font-size: 12pt; color: #ffffff;\">.<\/span><\/p>\n<h2>La liste des stations de l&rsquo;itin\u00e9raire de r\u00e9f\u00e9rence\u00a0de la 3\u00e8me ligne de m\u00e9tro<\/h2>\n<ul>\n<li><span style=\"font-size: 12pt;\">Airbus Colomiers\u00a0<\/span><\/li>\n<li><span style=\"font-size: 12pt;\">Airbus Saint-Martin<\/span><\/li>\n<li><span style=\"font-size: 12pt;\">Jean Maga\u00a0<\/span><\/li>\n<li><span style=\"font-size: 12pt;\">Sept-Deniers JOB<\/span><\/li>\n<li><span style=\"font-size: 12pt;\">Boulevard de Suisse<\/span><\/li>\n<li><span style=\"font-size: 12pt;\">Fondeyre<\/span><\/li>\n<li><span style=\"font-size: 12pt;\">La Vache SNCF (interconnexion avec la ligne B)\u00a0<\/span><\/li>\n<li><span style=\"font-size: 12pt;\">Toulouse Lautrec\u00a0<\/span><\/li>\n<li><span style=\"font-size: 12pt;\">Raynal\u00a0<\/span><\/li>\n<li><span style=\"font-size: 12pt;\">Bonnefoy\u00a0<\/span><\/li>\n<li><span style=\"font-size: 12pt;\">Marengo (inteconnexion avec la ligne A)\u00a0<\/span><\/li>\n<li><span style=\"font-size: 12pt;\">Fran\u00e7ois Verdier (interconnexion avec les\u00a0lignes B et T1)<\/span><\/li>\n<li><span style=\"font-size: 12pt;\">Jean Rieux\u00a0<\/span><\/li>\n<li><span style=\"font-size: 12pt;\">C\u00f4te Pav\u00e9e\u00a0<\/span><\/li>\n<li><span style=\"font-size: 12pt;\">L&rsquo;Ormeau\u00a0<\/span><\/li>\n<li><span style=\"font-size: 12pt;\">Montaudran\u00a0<\/span><\/li>\n<li><span style=\"font-size: 12pt;\">Airbus Defense &amp; Space\u00a0<\/span><\/li>\n<\/ul>\n<p><span style=\"color: #ffffff;\">.<\/span><\/p>\n<h2>La 3\u00e8me ligne de m\u00e9tro de Toulouse,\u00a0en chiffres&#8230;<\/h2>\n<ul>\n<li><span style=\"font-size: 12pt;\">\u00a0<strong>1.72<\/strong>\u00a0milliard d\u2019euros : le co\u00fbt de la ligne\u00a0<\/span><\/li>\n<li><span style=\"font-size: 12pt;\">soit entre <strong>80 \u00e0 9<\/strong>0 millions d&rsquo;euros le co\u00fbt au km\u00a0<\/span><\/li>\n<li><span style=\"font-size: 12pt;\"><strong>200 000<\/strong> : le nombre de voyageur\/jour estim\u00e9\u00a0<\/span><\/li>\n<li><span style=\"font-size: 12pt;\">Entre <strong>34 \u00e0 37mn<\/strong> : le temps de parcours entre les deux terminus du trac\u00e9 de r\u00e9f\u00e9rence <\/span><\/li>\n<li><span style=\"font-size: 12pt;\">1er trimestre <strong>2016<\/strong> :\u00a0Les \u00e9lus de Toulouse M\u00e9tropole attaquent maintenant la d\u00e9licate partie du financement du projet, qui devrait \u00eatre tranch\u00e9 \u00e0 la fin du premier trimestre 2016.<\/span><\/li>\n<\/ul>\n","protected":false},"excerpt":{"rendered":"<p>Quel est le trac\u00e9 de la 3\u00e8me ligne de m\u00e9tro toulousain ? Et quels quartiers de Toulouse vont prochainement b\u00e9n\u00e9ficier de l&rsquo;arriv\u00e9e de cette\u00a0troisi\u00e8me ligne de m\u00e9tro ?\u00a0 . Annonc\u00e9e pour 2024 et longue de 21.7km, \u00a0la troisi\u00e8me de m\u00e9tro de Toulouse baptis\u00e9e Toulouse Aerospace Express (TAE), reliera le site d&rsquo;Airbus Colomiers au nord ouest [&hellip;]<\/p>\n","protected":false},"author":2,"featured_media":0,"comment_status":"open","ping_status":"closed","sticky":true,"template":"","format":"standard","meta":{"_bbp_topic_count":0,"_bbp_reply_count":0,"_bbp_total_topic_count":0,"_bbp_total_reply_count":0,"_bbp_voice_count":0,"_bbp_anonymous_reply_count":0,"_bbp_topic_count_hidden":0,"_bbp_reply_count_hidden":0,"_bbp_forum_subforum_count":0,"footnotes":""},"categories":[8,34],"tags":[],"yoast_head":"<!-- This site is optimized with the Yoast SEO plugin v17.7 - https:\/\/yoast.com\/wordpress\/plugins\/seo\/ -->\n<title>Toulouse : Quel est le trac\u00e9 de la 3\u00e8me ligne de m\u00e9tro ? - Maisons et appartements neufs |Toulouse Immobilier neuf<\/title>\n<meta name=\"robots\" content=\"index, follow, max-snippet:-1, max-image-preview:large, max-video-preview:-1\" \/>\n<link rel=\"canonical\" href=\"https:\/\/www.immobiliare-neuf.fr\/blog\/toulouse-trace-de-3eme-ligne-de-metro\/\" \/>\n<meta property=\"og:locale\" content=\"fr_FR\" \/>\n<meta property=\"og:type\" content=\"article\" \/>\n<meta property=\"og:title\" content=\"Toulouse : Quel est le trac\u00e9 de la 3\u00e8me ligne de m\u00e9tro ? - Maisons et appartements neufs |Toulouse Immobilier neuf\" \/>\n<meta property=\"og:description\" content=\"Quel est le trac\u00e9 de la 3\u00e8me ligne de m\u00e9tro toulousain ? Et quels quartiers de Toulouse vont prochainement b\u00e9n\u00e9ficier de l&rsquo;arriv\u00e9e de cette\u00a0troisi\u00e8me ligne de m\u00e9tro ?\u00a0 . Annonc\u00e9e pour 2024 et longue de 21.7km, \u00a0la troisi\u00e8me de m\u00e9tro de Toulouse baptis\u00e9e Toulouse Aerospace Express (TAE), reliera le site d&rsquo;Airbus Colomiers au nord ouest [&hellip;]\" \/>\n<meta property=\"og:url\" content=\"https:\/\/www.immobiliare-neuf.fr\/blog\/toulouse-trace-de-3eme-ligne-de-metro\/\" \/>\n<meta property=\"og:site_name\" content=\"Maisons et appartements neufs |Toulouse Immobilier neuf\" \/>\n<meta property=\"article:publisher\" content=\"https:\/\/www.facebook.com\/pages\/Immobiliare-31\/188363961250077?ref_type=bookmark\" \/>\n<meta property=\"article:published_time\" content=\"2016-01-18T16:53:25+00:00\" \/>\n<meta property=\"article:modified_time\" content=\"2016-09-20T18:41:27+00:00\" \/>\n<meta property=\"og:image\" content=\"http:\/\/www.immobiliare-neuf.fr\/blog\/wp-content\/uploads\/2016\/01\/plan_m\u00e9tro_toulouse-1024x1024.png\" \/>\n<meta name=\"twitter:label1\" content=\"\u00c9crit par\" \/>\n\t<meta name=\"twitter:data1\" content=\"immo1\" \/>\n\t<meta name=\"twitter:label2\" content=\"Dur\u00e9e de lecture estim\u00e9e\" \/>\n\t<meta name=\"twitter:data2\" content=\"3 minutes\" \/>\n<script type=\"application\/ld+json\" class=\"yoast-schema-graph\">{\"@context\":\"https:\/\/schema.org\",\"@graph\":[{\"@type\":\"WebSite\",\"@id\":\"http:\/\/www.immobiliare-neuf.fr\/blog\/#website\",\"url\":\"http:\/\/www.immobiliare-neuf.fr\/blog\/\",\"name\":\"Maisons et appartements neufs |Toulouse Immobilier neuf\",\"description\":\"Toute l&#039;actu de l&#039;immobilier neuf \\u00e0 Toulouse !\",\"potentialAction\":[{\"@type\":\"SearchAction\",\"target\":{\"@type\":\"EntryPoint\",\"urlTemplate\":\"http:\/\/www.immobiliare-neuf.fr\/blog\/?s={search_term_string}\"},\"query-input\":\"required name=search_term_string\"}],\"inLanguage\":\"fr-FR\"},{\"@type\":\"ImageObject\",\"@id\":\"https:\/\/www.immobiliare-neuf.fr\/blog\/toulouse-trace-de-3eme-ligne-de-metro\/#primaryimage\",\"inLanguage\":\"fr-FR\",\"url\":\"http:\/\/www.immobiliare-neuf.fr\/blog\/wp-content\/uploads\/2016\/01\/plan_m\\u00e9tro_toulouse.png\",\"contentUrl\":\"http:\/\/www.immobiliare-neuf.fr\/blog\/wp-content\/uploads\/2016\/01\/plan_m\\u00e9tro_toulouse.png\",\"width\":4767,\"height\":4767},{\"@type\":\"WebPage\",\"@id\":\"https:\/\/www.immobiliare-neuf.fr\/blog\/toulouse-trace-de-3eme-ligne-de-metro\/#webpage\",\"url\":\"https:\/\/www.immobiliare-neuf.fr\/blog\/toulouse-trace-de-3eme-ligne-de-metro\/\",\"name\":\"Toulouse : Quel est le trac\\u00e9 de la 3\\u00e8me ligne de m\\u00e9tro ? - Maisons et appartements neufs |Toulouse Immobilier neuf\",\"isPartOf\":{\"@id\":\"http:\/\/www.immobiliare-neuf.fr\/blog\/#website\"},\"primaryImageOfPage\":{\"@id\":\"https:\/\/www.immobiliare-neuf.fr\/blog\/toulouse-trace-de-3eme-ligne-de-metro\/#primaryimage\"},\"datePublished\":\"2016-01-18T16:53:25+00:00\",\"dateModified\":\"2016-09-20T18:41:27+00:00\",\"author\":{\"@id\":\"http:\/\/www.immobiliare-neuf.fr\/blog\/#\/schema\/person\/6e1a43c3a2767543109ceb6f9dbbef4a\"},\"breadcrumb\":{\"@id\":\"https:\/\/www.immobiliare-neuf.fr\/blog\/toulouse-trace-de-3eme-ligne-de-metro\/#breadcrumb\"},\"inLanguage\":\"fr-FR\",\"potentialAction\":[{\"@type\":\"ReadAction\",\"target\":[\"https:\/\/www.immobiliare-neuf.fr\/blog\/toulouse-trace-de-3eme-ligne-de-metro\/\"]}]},{\"@type\":\"BreadcrumbList\",\"@id\":\"https:\/\/www.immobiliare-neuf.fr\/blog\/toulouse-trace-de-3eme-ligne-de-metro\/#breadcrumb\",\"itemListElement\":[{\"@type\":\"ListItem\",\"position\":1,\"name\":\"Accueil\",\"item\":\"http:\/\/www.immobiliare-neuf.fr\/blog\/\"},{\"@type\":\"ListItem\",\"position\":2,\"name\":\"Toulouse : Quel est le trac\\u00e9 de la 3\\u00e8me ligne de m\\u00e9tro ?\"}]},{\"@type\":\"Person\",\"@id\":\"http:\/\/www.immobiliare-neuf.fr\/blog\/#\/schema\/person\/6e1a43c3a2767543109ceb6f9dbbef4a\",\"name\":\"immo1\",\"image\":{\"@type\":\"ImageObject\",\"@id\":\"http:\/\/www.immobiliare-neuf.fr\/blog\/#personlogo\",\"inLanguage\":\"fr-FR\",\"url\":\"http:\/\/0.gravatar.com\/avatar\/fc0b8723b1087fefc5c15987cae8eede?s=96&d=mm&r=g\",\"contentUrl\":\"http:\/\/0.gravatar.com\/avatar\/fc0b8723b1087fefc5c15987cae8eede?s=96&d=mm&r=g\",\"caption\":\"immo1\"},\"url\":\"http:\/\/www.immobiliare-neuf.fr\/blog\/author\/immo1\/\"}]}<\/script>\n<!-- \/ Yoast SEO plugin. -->","yoast_head_json":{"title":"Toulouse : Quel est le trac\u00e9 de la 3\u00e8me ligne de m\u00e9tro ? - Maisons et appartements neufs |Toulouse Immobilier neuf","robots":{"index":"index","follow":"follow","max-snippet":"max-snippet:-1","max-image-preview":"max-image-preview:large","max-video-preview":"max-video-preview:-1"},"canonical":"https:\/\/www.immobiliare-neuf.fr\/blog\/toulouse-trace-de-3eme-ligne-de-metro\/","og_locale":"fr_FR","og_type":"article","og_title":"Toulouse : Quel est le trac\u00e9 de la 3\u00e8me ligne de m\u00e9tro ? - Maisons et appartements neufs |Toulouse Immobilier neuf","og_description":"Quel est le trac\u00e9 de la 3\u00e8me ligne de m\u00e9tro toulousain ? Et quels quartiers de Toulouse vont prochainement b\u00e9n\u00e9ficier de l&rsquo;arriv\u00e9e de cette\u00a0troisi\u00e8me ligne de m\u00e9tro ?\u00a0 . Annonc\u00e9e pour 2024 et longue de 21.7km, \u00a0la troisi\u00e8me de m\u00e9tro de Toulouse baptis\u00e9e Toulouse Aerospace Express (TAE), reliera le site d&rsquo;Airbus Colomiers au nord ouest [&hellip;]","og_url":"https:\/\/www.immobiliare-neuf.fr\/blog\/toulouse-trace-de-3eme-ligne-de-metro\/","og_site_name":"Maisons et appartements neufs |Toulouse Immobilier neuf","article_publisher":"https:\/\/www.facebook.com\/pages\/Immobiliare-31\/188363961250077?ref_type=bookmark","article_published_time":"2016-01-18T16:53:25+00:00","article_modified_time":"2016-09-20T18:41:27+00:00","og_image":[{"url":"http:\/\/www.immobiliare-neuf.fr\/blog\/wp-content\/uploads\/2016\/01\/plan_m\u00e9tro_toulouse-1024x1024.png"}],"twitter_misc":{"\u00c9crit par":"immo1","Dur\u00e9e de lecture estim\u00e9e":"3 minutes"},"schema":{"@context":"https:\/\/schema.org","@graph":[{"@type":"WebSite","@id":"http:\/\/www.immobiliare-neuf.fr\/blog\/#website","url":"http:\/\/www.immobiliare-neuf.fr\/blog\/","name":"Maisons et appartements neufs |Toulouse Immobilier neuf","description":"Toute l&#039;actu de l&#039;immobilier neuf \u00e0 Toulouse !","potentialAction":[{"@type":"SearchAction","target":{"@type":"EntryPoint","urlTemplate":"http:\/\/www.immobiliare-neuf.fr\/blog\/?s={search_term_string}"},"query-input":"required name=search_term_string"}],"inLanguage":"fr-FR"},{"@type":"ImageObject","@id":"https:\/\/www.immobiliare-neuf.fr\/blog\/toulouse-trace-de-3eme-ligne-de-metro\/#primaryimage","inLanguage":"fr-FR","url":"http:\/\/www.immobiliare-neuf.fr\/blog\/wp-content\/uploads\/2016\/01\/plan_m\u00e9tro_toulouse.png","contentUrl":"http:\/\/www.immobiliare-neuf.fr\/blog\/wp-content\/uploads\/2016\/01\/plan_m\u00e9tro_toulouse.png","width":4767,"height":4767},{"@type":"WebPage","@id":"https:\/\/www.immobiliare-neuf.fr\/blog\/toulouse-trace-de-3eme-ligne-de-metro\/#webpage","url":"https:\/\/www.immobiliare-neuf.fr\/blog\/toulouse-trace-de-3eme-ligne-de-metro\/","name":"Toulouse : Quel est le trac\u00e9 de la 3\u00e8me ligne de m\u00e9tro ? - Maisons et appartements neufs |Toulouse Immobilier neuf","isPartOf":{"@id":"http:\/\/www.immobiliare-neuf.fr\/blog\/#website"},"primaryImageOfPage":{"@id":"https:\/\/www.immobiliare-neuf.fr\/blog\/toulouse-trace-de-3eme-ligne-de-metro\/#primaryimage"},"datePublished":"2016-01-18T16:53:25+00:00","dateModified":"2016-09-20T18:41:27+00:00","author":{"@id":"http:\/\/www.immobiliare-neuf.fr\/blog\/#\/schema\/person\/6e1a43c3a2767543109ceb6f9dbbef4a"},"breadcrumb":{"@id":"https:\/\/www.immobiliare-neuf.fr\/blog\/toulouse-trace-de-3eme-ligne-de-metro\/#breadcrumb"},"inLanguage":"fr-FR","potentialAction":[{"@type":"ReadAction","target":["https:\/\/www.immobiliare-neuf.fr\/blog\/toulouse-trace-de-3eme-ligne-de-metro\/"]}]},{"@type":"BreadcrumbList","@id":"https:\/\/www.immobiliare-neuf.fr\/blog\/toulouse-trace-de-3eme-ligne-de-metro\/#breadcrumb","itemListElement":[{"@type":"ListItem","position":1,"name":"Accueil","item":"http:\/\/www.immobiliare-neuf.fr\/blog\/"},{"@type":"ListItem","position":2,"name":"Toulouse : Quel est le trac\u00e9 de la 3\u00e8me ligne de m\u00e9tro ?"}]},{"@type":"Person","@id":"http:\/\/www.immobiliare-neuf.fr\/blog\/#\/schema\/person\/6e1a43c3a2767543109ceb6f9dbbef4a","name":"immo1","image":{"@type":"ImageObject","@id":"http:\/\/www.immobiliare-neuf.fr\/blog\/#personlogo","inLanguage":"fr-FR","url":"http:\/\/0.gravatar.com\/avatar\/fc0b8723b1087fefc5c15987cae8eede?s=96&d=mm&r=g","contentUrl":"http:\/\/0.gravatar.com\/avatar\/fc0b8723b1087fefc5c15987cae8eede?s=96&d=mm&r=g","caption":"immo1"},"url":"http:\/\/www.immobiliare-neuf.fr\/blog\/author\/immo1\/"}]}},"_links":{"self":[{"href":"http:\/\/www.immobiliare-neuf.fr\/blog\/wp-json\/wp\/v2\/posts\/2732"}],"collection":[{"href":"http:\/\/www.immobiliare-neuf.fr\/blog\/wp-json\/wp\/v2\/posts"}],"about":[{"href":"http:\/\/www.immobiliare-neuf.fr\/blog\/wp-json\/wp\/v2\/types\/post"}],"author":[{"embeddable":true,"href":"http:\/\/www.immobiliare-neuf.fr\/blog\/wp-json\/wp\/v2\/users\/2"}],"replies":[{"embeddable":true,"href":"http:\/\/www.immobiliare-neuf.fr\/blog\/wp-json\/wp\/v2\/comments?post=2732"}],"version-history":[{"count":3,"href":"http:\/\/www.immobiliare-neuf.fr\/blog\/wp-json\/wp\/v2\/posts\/2732\/revisions"}],"predecessor-version":[{"id":2736,"href":"http:\/\/www.immobiliare-neuf.fr\/blog\/wp-json\/wp\/v2\/posts\/2732\/revisions\/2736"}],"wp:attachment":[{"href":"http:\/\/www.immobiliare-neuf.fr\/blog\/wp-json\/wp\/v2\/media?parent=2732"}],"wp:term":[{"taxonomy":"category","embeddable":true,"href":"http:\/\/www.immobiliare-neuf.fr\/blog\/wp-json\/wp\/v2\/categories?post=2732"},{"taxonomy":"post_tag","embeddable":true,"href":"http:\/\/www.immobiliare-neuf.fr\/blog\/wp-json\/wp\/v2\/tags?post=2732"}],"curies":[{"name":"wp","href":"https:\/\/api.w.org\/{rel}","templated":true}]}}