









{"id":2580,"date":"2015-08-23T15:47:42","date_gmt":"2015-08-23T14:47:42","guid":{"rendered":"http:\/\/www.immobiliare-neuf.fr\/blog\/?p=2580"},"modified":"2018-11-30T16:22:59","modified_gmt":"2018-11-30T15:22:59","slug":"immobilier-neuf-lancements-commerciaux-2015","status":"publish","type":"post","link":"http:\/\/www.immobiliare-neuf.fr\/blog\/immobilier-neuf-lancements-commerciaux-2015\/","title":{"rendered":"immobilier neuf : lancements commerciaux"},"content":{"rendered":"<p style=\"text-align: justify;\"><span style=\"font-size: 14pt;\">Vous souhaitez vivre ou investir dans l&rsquo;immobilier neuf \u00e0 Toulouse ? Si le march\u00e9 Toulousain regorge d\u2019opportunit\u00e9s d&rsquo;achat, ne laissez pas les meilleures opportunit\u00e9s vous \u00e9chapper et d\u00e9couvrez en avant premi\u00e8re les\u00a0derniers lancements commerciaux \u00e0 Toulouse et sa r\u00e9gion. 1ers inform\u00e9s, 1ers servis &#8230;<\/span><\/p>\n<p style=\"text-align: justify;\"><span style=\"color: #ffffff;\">.<\/span><\/p>\n<h2 style=\"text-align: left;\">Lancement commercial : Appartements neufs \u00e0 Toulouse Croix Daurade<\/h2>\n<p style=\"text-align: justify;\"><span style=\"font-size: 12pt;\">Calme et s\u00e9r\u00e9nit\u00e9 au sein du quartier r\u00e9sidentiel de Croix Daurade. B\u00e9n\u00e9ficiez d\u2019un emplacement pr\u00e9f\u00e9rentiel en <strong>centre-ville<\/strong>.<\/span><\/p>\n<p style=\"text-align: justify;\">\n<p style=\"text-align: justify;\"><img loading=\"lazy\" decoding=\"async\" class=\"alignnone\" src=\"http:\/\/www.immobiliare-neuf.fr\/sites\/default\/files\/styles\/panoramique_programmes\/public\/programmes\/visuels\/immobiliare-795-2.jpg?itok=bq7fhKRL\" alt=\"immobilier neuf : lancements commerciaux\" width=\"1280\" height=\"500\" \/><\/p>\n<p style=\"text-align: justify;\"><img loading=\"lazy\" decoding=\"async\" class=\"alignnone\" src=\"http:\/\/www.immobiliare-neuf.fr\/sites\/default\/files\/styles\/panoramique_programmes\/public\/programmes\/visuels\/immobiliare-795-3.jpg?itok=B4gGplUe\" alt=\"immobilier neuf : lancements commerciaux\" width=\"1280\" height=\"500\" \/><\/p>\n<ul style=\"text-align: justify;\">\n<li><span style=\"font-size: 12pt;\">Appartement T1\u00a0 jusqu\u2019\u00e0 27 m<sup>2<\/sup> + terrasse\u00a0\u00e0 partir de <strong>115 000 \u20ac<\/strong><\/span><\/li>\n<li><span style=\"font-size: 12pt;\">Appartement T2\u00a0 jusqu\u2019\u00e0 45 m<sup>2<\/sup> + balcon + parking\u00a0\u00e0 partir de <strong>164 900 \u20ac<\/strong><\/span><\/li>\n<li><span style=\"font-size: 12pt;\">Appartement T3\u00a0 jusqu\u2019\u00e0 70 m<sup>2<\/sup> + terrasse + parking\u00a0\u00e0 partir de <strong>204 900 \u20ac<\/strong><\/span><\/li>\n<li><span style=\"font-size: 12pt;\">Appartement T4\u00a0 91 m<sup>2 \u00a0<\/sup>(95 m<sup>2<\/sup>) + terrasse 35 m<sup>2<\/sup> + 2 parkings sous-sol \u00e0\u00a0<strong>319 900 \u20ac<\/strong><\/span><\/li>\n<li><span style=\"font-size: 12pt;\">Appartement T5\u00a0 121 m<sup>2\u00a0 <\/sup>(142 m<sup>2<\/sup>) + terrasse 62 m<sup>2<\/sup> + 2 parkings sous-sol \u00e0\u00a0<strong>399 000 \u20ac<\/strong><\/span><\/li>\n<\/ul>\n<p style=\"text-align: justify;\"><span style=\"font-size: 10pt;\"><em>&gt; Prix garantis direct promoteur<\/em><\/span><\/p>\n<p style=\"text-align: center;\"><span style=\"font-size: 12pt;\"><a href=\"http:\/\/www.immobiliare-neuf.fr\/toulouse\" target=\"_blank\" rel=\"noopener\">DECOUVRIR\u00a0CES APPARTEMENTS\u00a0NEUFS\u00a0<\/a>\u00a0<\/span><\/p>\n<p style=\"text-align: justify;\"><span style=\"color: #ffffff;\">.<\/span><\/p>\n<h2 style=\"text-align: left;\">Lancement commercial &#8211; Appartements neufs \u00e0 Toulouse Croix Daurade<\/h2>\n<p style=\"text-align: justify;\"><span style=\"font-size: 12pt;\">R\u00e9sidence id\u00e9alement situ\u00e9e au c\u0153ur d\u2019un verdoyant quartier <strong>typique<\/strong> toulousain \u00e0 proximit\u00e9 de la <strong>zone verte<\/strong> sportive et r\u00e9cr\u00e9ative des Argoulets.<\/span><\/p>\n<p style=\"text-align: justify;\"><img loading=\"lazy\" decoding=\"async\" class=\"aligncenter\" src=\"http:\/\/www.immobiliare-neuf.fr\/sites\/default\/files\/styles\/panoramique_programmes\/public\/programmes\/visuels\/immobiliare-549-2.png?itok=dc-GZCGG\" alt=\"immobilier neuf : lancements commerciaux\" width=\"1280\" height=\"500\" \/><\/p>\n<p style=\"text-align: justify;\"><img loading=\"lazy\" decoding=\"async\" class=\"aligncenter\" src=\"http:\/\/www.immobiliare-neuf.fr\/sites\/default\/files\/styles\/panoramique_programmes\/public\/programmes\/visuels\/immobiliare-549-3.png?itok=ZDlC8t0g\" alt=\"immobilier neuf : lancements commerciaux\" width=\"1280\" height=\"500\" \/><\/p>\n<p style=\"text-align: justify;\"><img loading=\"lazy\" decoding=\"async\" class=\"aligncenter\" src=\"http:\/\/www.immobiliare-neuf.fr\/sites\/default\/files\/styles\/panoramique_programmes\/public\/programmes\/visuels\/immobiliare-549-1.png?itok=Mk5kQ1vO\" alt=\"immobilier neuf : lancements commerciaux\" width=\"1280\" height=\"500\" \/><\/p>\n<ul style=\"text-align: justify;\">\n<li><span style=\"font-size: 12pt;\">Appartement T1\u00a0 jusqu\u2019\u00e0\u00a0 31 m<sup>2<\/sup> + terrasse + parking sous-sol \u00e0 partir de\u00a0<strong>131 000 \u20ac<\/strong><\/span><\/li>\n<li><span style=\"font-size: 12pt;\">Appartement T2\u00a0 jusqu\u2019\u00e0\u00a0 47 m<sup>2<\/sup> + terrasse + parking sous-sol \u00e0 partir de\u00a0<strong>165 000 \u20ac<\/strong><\/span><\/li>\n<li><span style=\"font-size: 12pt;\">Appartement T3\u00a0 jusqu\u2019\u00e0\u00a0 68 m<sup>2<\/sup> + terrasse + parking sous-sol \u00e0 partir de\u00a0<strong>216 500 \u20ac<\/strong><\/span><\/li>\n<\/ul>\n<p style=\"text-align: justify;\"><span style=\"font-size: 10pt;\"><em>&gt; Prix garantis direct promoteur<\/em><\/span><\/p>\n<p style=\"text-align: center;\"><a href=\"http:\/\/www.immobiliare-neuf.fr\/toulouse\"><span style=\"color: #ffffff;\">.<\/span><span style=\"font-size: 12pt;\">DECOUVRIR\u00a0CES APPARTEMENTS\u00a0NEUFS\u00a0<\/span><\/a><\/p>\n<p style=\"text-align: justify;\"><span style=\"color: #ffffff;\">.<\/span><\/p>\n<h2 style=\"text-align: left;\">Lancement commercial &#8211; Maisons neuves \u00e0 Seysses (31)<\/h2>\n<p style=\"text-align: justify;\"><span style=\"font-size: 12pt;\">Situ\u00e9e au sud-ouest de Toulouse, dans la r\u00e9gion verte des \u00ab\u00a0<strong>Vall\u00e9es<\/strong>\u00a0\u00bb, Seysses a su conserver l&rsquo;authenticit\u00e9 de ses paysages ruraux et sa richesse historique gr\u00e2ce \u00e0 une\u00a0urbanisation ma\u00eetris\u00e9e. La ville s&rsquo;est ainsi rapidement impos\u00e9e comme un lieu de vie de choix.<\/span><\/p>\n<p style=\"text-align: justify;\"><img loading=\"lazy\" decoding=\"async\" class=\"aligncenter\" src=\"http:\/\/www.immobiliare-neuf.fr\/sites\/default\/files\/styles\/panoramique_programmes\/public\/programmes\/visuels\/immobiliare-725-4.jpg?itok=oE5lyo34\" alt=\"immobilier neuf : lancements commerciaux\" width=\"1280\" height=\"500\" \/><\/p>\n<p style=\"text-align: justify;\"><img loading=\"lazy\" decoding=\"async\" class=\"alignnone\" src=\"http:\/\/www.immobiliare-neuf.fr\/sites\/default\/files\/styles\/panoramique_programmes\/public\/programmes\/visuels\/immobiliare-725-0.jpg?itok=QBXHB0wc\" alt=\"immobilier neuf : lancements commerciaux\" width=\"1280\" height=\"500\" \/><\/p>\n<ul style=\"text-align: justify;\">\n<li><span style=\"font-size: 12pt;\">Villa T3\u00a0 jusqu\u2019\u00e0\u00a0 67 m<sup>2<\/sup> sur parcelle de 154 m<sup>2<\/sup> avec terrasse, jardin et garage \u00e0 partir de <strong>185 000 \u20ac<\/strong><\/span><\/li>\n<li><span style=\"font-size: 12pt;\">Villa T4\u00a0 jusqu\u2019\u00e0\u00a0 91 m<sup>2<\/sup> sur parcelle de 202 m<sup>2<\/sup> avec terrasse, jardin et garage \u00e0 partir de <strong>227 000 \u20ac<\/strong><\/span><\/li>\n<li><span style=\"font-size: 12pt;\">Villa T5\u00a0 jusqu\u2019\u00e0\u00a0 101 m<sup>2<\/sup> sur parcelle de 308 m<sup>2<\/sup> avec terrasse, jardin et garage \u00e0 partir de <strong>275 000 \u20ac<\/strong><\/span><\/li>\n<\/ul>\n<p><span style=\"font-size: 10pt;\"><em>&gt; Prix garantis direct promoteur<\/em><\/span><\/p>\n<p style=\"text-align: center;\"><span style=\"font-size: 12pt;\"><a href=\"http:\/\/www.immobiliare-neuf.fr\/toulouse\" target=\"_blank\" rel=\"noopener\">DECOUVRIR\u00a0CES APPARTEMENTS\u00a0NEUFS\u00a0<\/a><\/span><\/p>\n<p style=\"text-align: left;\"><span style=\"color: #ffffff;\">.<\/span><\/p>\n<h2 style=\"text-align: left;\">Lancement commercial &#8211; Appartements neufs \u00e0 Tournefeuille<\/h2>\n<p style=\"text-align: justify;\"><span style=\"font-size: 12pt;\">A seulement 10mn de la place du Capitole, Tournefeuille est une commune\u00a0<strong>dynamique<\/strong> qui a su conserver\u00a0son identit\u00e9 d\u2019\u00e9crin de <strong>nature<\/strong> p\u00e9ri-urbain. R\u00e9sidence neuve \u00e0\u00a0proximit\u00e9 de la base de sports et de loisirs de la Ram\u00e9e et de son golf, et du Bois de Paderne.\u00a0<\/span><\/p>\n<p style=\"text-align: left;\"><img loading=\"lazy\" decoding=\"async\" class=\"aligncenter\" src=\"http:\/\/www.immobiliare-neuf.fr\/sites\/default\/files\/styles\/panoramique_programmes\/public\/programmes\/visuels\/immobiliare-794-1.png?itok=2MO_NDOJ\" alt=\"immobilier neuf : lancements commerciaux\" width=\"1280\" height=\"500\" \/><\/p>\n<p style=\"text-align: left;\"><img loading=\"lazy\" decoding=\"async\" class=\"aligncenter\" src=\"http:\/\/www.immobiliare-neuf.fr\/sites\/default\/files\/styles\/panoramique_programmes\/public\/programmes\/visuels\/immobiliare-794-2.png?itok=UiP9ufN6\" alt=\"immobilier neuf : lancements commerciaux\" width=\"1280\" height=\"500\" \/><\/p>\n<p><img loading=\"lazy\" decoding=\"async\" class=\"aligncenter\" src=\"http:\/\/www.immobiliare-neuf.fr\/sites\/default\/files\/styles\/panoramique_programmes\/public\/programmes\/visuels\/immobiliare-794-3.png?itok=33_TVRlm\" alt=\"immobilier neuf : lancements commerciaux\" width=\"1280\" height=\"500\" \/><\/p>\n<ul>\n<li><span style=\"font-size: 12pt;\">Appartement T2\u00a0 jusqu\u2019\u00e0\u00a0 43 m<sup>2<\/sup> + balcon + parking \u00e0 partir de <strong>163 900 \u20ac<\/strong><\/span><\/li>\n<li><span style=\"font-size: 12pt;\">Appartement T3\u00a0 jusqu\u2019\u00e0\u00a0 70 m<sup>2<\/sup> + terrasse + parking \u00e0 partir de <strong>205 900 \u20ac<\/strong><\/span><\/li>\n<\/ul>\n<p><span style=\"font-size: 10pt;\"><em>&gt; Prix garantis direct promoteur<\/em><\/span><\/p>\n<p><span style=\"color: #ffffff;\">.<\/span><\/p>\n<p style=\"text-align: center;\"><span style=\"font-size: 12pt;\"><a href=\"http:\/\/www.immobiliare-neuf.fr\/toulouse\" target=\"_blank\" rel=\"noopener\">DECOUVRIR\u00a0CES APPARTEMENTS\u00a0NEUFS\u00a0<\/a><\/span><\/p>\n","protected":false},"excerpt":{"rendered":"<p>Vous souhaitez vivre ou investir dans l&rsquo;immobilier neuf \u00e0 Toulouse ? Si le march\u00e9 Toulousain regorge d\u2019opportunit\u00e9s d&rsquo;achat, ne laissez pas les meilleures opportunit\u00e9s vous \u00e9chapper et d\u00e9couvrez en avant premi\u00e8re les\u00a0derniers lancements commerciaux \u00e0 Toulouse et sa r\u00e9gion. 1ers inform\u00e9s, 1ers servis &#8230; . Lancement commercial : Appartements neufs \u00e0 Toulouse Croix Daurade Calme [&hellip;]<\/p>\n","protected":false},"author":2,"featured_media":0,"comment_status":"open","ping_status":"closed","sticky":false,"template":"","format":"standard","meta":{"_bbp_topic_count":0,"_bbp_reply_count":0,"_bbp_total_topic_count":0,"_bbp_total_reply_count":0,"_bbp_voice_count":0,"_bbp_anonymous_reply_count":0,"_bbp_topic_count_hidden":0,"_bbp_reply_count_hidden":0,"_bbp_forum_subforum_count":0,"footnotes":""},"categories":[34],"tags":[],"yoast_head":"<!-- This site is optimized with the Yoast SEO plugin v17.7 - https:\/\/yoast.com\/wordpress\/plugins\/seo\/ -->\n<title>immobilier neuf : lancements commerciaux<\/title>\n<meta name=\"description\" content=\"immobilier neuf : lancements commerciaux - Ne laissez pas les meilleures opportunit\u00e9s vous \u00e9chapper et d\u00e9couvrez en avant 1\u00e8re les lancements commerciaux...\" \/>\n<meta name=\"robots\" content=\"index, follow, max-snippet:-1, max-image-preview:large, max-video-preview:-1\" \/>\n<link rel=\"canonical\" href=\"https:\/\/www.immobiliare-neuf.fr\/blog\/immobilier-neuf-lancements-commerciaux-2015\/\" \/>\n<meta property=\"og:locale\" content=\"fr_FR\" \/>\n<meta property=\"og:type\" content=\"article\" \/>\n<meta property=\"og:title\" content=\"immobilier neuf : lancements commerciaux\" \/>\n<meta property=\"og:description\" content=\"immobilier neuf : lancements commerciaux - Ne laissez pas les meilleures opportunit\u00e9s vous \u00e9chapper et d\u00e9couvrez en avant 1\u00e8re les lancements commerciaux...\" \/>\n<meta property=\"og:url\" content=\"https:\/\/www.immobiliare-neuf.fr\/blog\/immobilier-neuf-lancements-commerciaux-2015\/\" \/>\n<meta property=\"og:site_name\" content=\"Maisons et appartements neufs |Toulouse Immobilier neuf\" \/>\n<meta property=\"article:publisher\" content=\"https:\/\/www.facebook.com\/pages\/Immobiliare-31\/188363961250077?ref_type=bookmark\" \/>\n<meta property=\"article:published_time\" content=\"2015-08-23T14:47:42+00:00\" \/>\n<meta property=\"article:modified_time\" content=\"2018-11-30T15:22:59+00:00\" \/>\n<meta property=\"og:image\" content=\"http:\/\/www.immobiliare-neuf.fr\/sites\/default\/files\/styles\/panoramique_programmes\/public\/programmes\/visuels\/immobiliare-795-2.jpg?itok=bq7fhKRL\" \/>\n<meta name=\"twitter:label1\" content=\"\u00c9crit par\" \/>\n\t<meta name=\"twitter:data1\" content=\"immo1\" \/>\n\t<meta name=\"twitter:label2\" content=\"Dur\u00e9e de lecture estim\u00e9e\" \/>\n\t<meta name=\"twitter:data2\" content=\"2 minutes\" \/>\n<script type=\"application\/ld+json\" class=\"yoast-schema-graph\">{\"@context\":\"https:\/\/schema.org\",\"@graph\":[{\"@type\":\"WebSite\",\"@id\":\"http:\/\/www.immobiliare-neuf.fr\/blog\/#website\",\"url\":\"http:\/\/www.immobiliare-neuf.fr\/blog\/\",\"name\":\"Maisons et appartements neufs |Toulouse Immobilier neuf\",\"description\":\"Toute l&#039;actu de l&#039;immobilier neuf \\u00e0 Toulouse !\",\"potentialAction\":[{\"@type\":\"SearchAction\",\"target\":{\"@type\":\"EntryPoint\",\"urlTemplate\":\"http:\/\/www.immobiliare-neuf.fr\/blog\/?s={search_term_string}\"},\"query-input\":\"required name=search_term_string\"}],\"inLanguage\":\"fr-FR\"},{\"@type\":\"ImageObject\",\"@id\":\"https:\/\/www.immobiliare-neuf.fr\/blog\/immobilier-neuf-lancements-commerciaux-2015\/#primaryimage\",\"inLanguage\":\"fr-FR\",\"url\":\"http:\/\/www.immobiliare-neuf.fr\/sites\/default\/files\/styles\/panoramique_programmes\/public\/programmes\/visuels\/immobiliare-795-2.jpg?itok=bq7fhKRL\",\"contentUrl\":\"http:\/\/www.immobiliare-neuf.fr\/sites\/default\/files\/styles\/panoramique_programmes\/public\/programmes\/visuels\/immobiliare-795-2.jpg?itok=bq7fhKRL\"},{\"@type\":\"WebPage\",\"@id\":\"https:\/\/www.immobiliare-neuf.fr\/blog\/immobilier-neuf-lancements-commerciaux-2015\/#webpage\",\"url\":\"https:\/\/www.immobiliare-neuf.fr\/blog\/immobilier-neuf-lancements-commerciaux-2015\/\",\"name\":\"immobilier neuf : lancements commerciaux\",\"isPartOf\":{\"@id\":\"http:\/\/www.immobiliare-neuf.fr\/blog\/#website\"},\"primaryImageOfPage\":{\"@id\":\"https:\/\/www.immobiliare-neuf.fr\/blog\/immobilier-neuf-lancements-commerciaux-2015\/#primaryimage\"},\"datePublished\":\"2015-08-23T14:47:42+00:00\",\"dateModified\":\"2018-11-30T15:22:59+00:00\",\"author\":{\"@id\":\"http:\/\/www.immobiliare-neuf.fr\/blog\/#\/schema\/person\/6e1a43c3a2767543109ceb6f9dbbef4a\"},\"description\":\"immobilier neuf : lancements commerciaux - Ne laissez pas les meilleures opportunit\\u00e9s vous \\u00e9chapper et d\\u00e9couvrez en avant 1\\u00e8re les lancements commerciaux...\",\"breadcrumb\":{\"@id\":\"https:\/\/www.immobiliare-neuf.fr\/blog\/immobilier-neuf-lancements-commerciaux-2015\/#breadcrumb\"},\"inLanguage\":\"fr-FR\",\"potentialAction\":[{\"@type\":\"ReadAction\",\"target\":[\"https:\/\/www.immobiliare-neuf.fr\/blog\/immobilier-neuf-lancements-commerciaux-2015\/\"]}]},{\"@type\":\"BreadcrumbList\",\"@id\":\"https:\/\/www.immobiliare-neuf.fr\/blog\/immobilier-neuf-lancements-commerciaux-2015\/#breadcrumb\",\"itemListElement\":[{\"@type\":\"ListItem\",\"position\":1,\"name\":\"Accueil\",\"item\":\"http:\/\/www.immobiliare-neuf.fr\/blog\/\"},{\"@type\":\"ListItem\",\"position\":2,\"name\":\"immobilier neuf : lancements commerciaux\"}]},{\"@type\":\"Person\",\"@id\":\"http:\/\/www.immobiliare-neuf.fr\/blog\/#\/schema\/person\/6e1a43c3a2767543109ceb6f9dbbef4a\",\"name\":\"immo1\",\"image\":{\"@type\":\"ImageObject\",\"@id\":\"http:\/\/www.immobiliare-neuf.fr\/blog\/#personlogo\",\"inLanguage\":\"fr-FR\",\"url\":\"http:\/\/0.gravatar.com\/avatar\/fc0b8723b1087fefc5c15987cae8eede?s=96&d=mm&r=g\",\"contentUrl\":\"http:\/\/0.gravatar.com\/avatar\/fc0b8723b1087fefc5c15987cae8eede?s=96&d=mm&r=g\",\"caption\":\"immo1\"},\"url\":\"http:\/\/www.immobiliare-neuf.fr\/blog\/author\/immo1\/\"}]}<\/script>\n<!-- \/ Yoast SEO plugin. -->","yoast_head_json":{"title":"immobilier neuf : lancements commerciaux","description":"immobilier neuf : lancements commerciaux - Ne laissez pas les meilleures opportunit\u00e9s vous \u00e9chapper et d\u00e9couvrez en avant 1\u00e8re les lancements commerciaux...","robots":{"index":"index","follow":"follow","max-snippet":"max-snippet:-1","max-image-preview":"max-image-preview:large","max-video-preview":"max-video-preview:-1"},"canonical":"https:\/\/www.immobiliare-neuf.fr\/blog\/immobilier-neuf-lancements-commerciaux-2015\/","og_locale":"fr_FR","og_type":"article","og_title":"immobilier neuf : lancements commerciaux","og_description":"immobilier neuf : lancements commerciaux - Ne laissez pas les meilleures opportunit\u00e9s vous \u00e9chapper et d\u00e9couvrez en avant 1\u00e8re les lancements commerciaux...","og_url":"https:\/\/www.immobiliare-neuf.fr\/blog\/immobilier-neuf-lancements-commerciaux-2015\/","og_site_name":"Maisons et appartements neufs |Toulouse Immobilier neuf","article_publisher":"https:\/\/www.facebook.com\/pages\/Immobiliare-31\/188363961250077?ref_type=bookmark","article_published_time":"2015-08-23T14:47:42+00:00","article_modified_time":"2018-11-30T15:22:59+00:00","og_image":[{"url":"http:\/\/www.immobiliare-neuf.fr\/sites\/default\/files\/styles\/panoramique_programmes\/public\/programmes\/visuels\/immobiliare-795-2.jpg?itok=bq7fhKRL"}],"twitter_misc":{"\u00c9crit par":"immo1","Dur\u00e9e de lecture estim\u00e9e":"2 minutes"},"schema":{"@context":"https:\/\/schema.org","@graph":[{"@type":"WebSite","@id":"http:\/\/www.immobiliare-neuf.fr\/blog\/#website","url":"http:\/\/www.immobiliare-neuf.fr\/blog\/","name":"Maisons et appartements neufs |Toulouse Immobilier neuf","description":"Toute l&#039;actu de l&#039;immobilier neuf \u00e0 Toulouse !","potentialAction":[{"@type":"SearchAction","target":{"@type":"EntryPoint","urlTemplate":"http:\/\/www.immobiliare-neuf.fr\/blog\/?s={search_term_string}"},"query-input":"required name=search_term_string"}],"inLanguage":"fr-FR"},{"@type":"ImageObject","@id":"https:\/\/www.immobiliare-neuf.fr\/blog\/immobilier-neuf-lancements-commerciaux-2015\/#primaryimage","inLanguage":"fr-FR","url":"http:\/\/www.immobiliare-neuf.fr\/sites\/default\/files\/styles\/panoramique_programmes\/public\/programmes\/visuels\/immobiliare-795-2.jpg?itok=bq7fhKRL","contentUrl":"http:\/\/www.immobiliare-neuf.fr\/sites\/default\/files\/styles\/panoramique_programmes\/public\/programmes\/visuels\/immobiliare-795-2.jpg?itok=bq7fhKRL"},{"@type":"WebPage","@id":"https:\/\/www.immobiliare-neuf.fr\/blog\/immobilier-neuf-lancements-commerciaux-2015\/#webpage","url":"https:\/\/www.immobiliare-neuf.fr\/blog\/immobilier-neuf-lancements-commerciaux-2015\/","name":"immobilier neuf : lancements commerciaux","isPartOf":{"@id":"http:\/\/www.immobiliare-neuf.fr\/blog\/#website"},"primaryImageOfPage":{"@id":"https:\/\/www.immobiliare-neuf.fr\/blog\/immobilier-neuf-lancements-commerciaux-2015\/#primaryimage"},"datePublished":"2015-08-23T14:47:42+00:00","dateModified":"2018-11-30T15:22:59+00:00","author":{"@id":"http:\/\/www.immobiliare-neuf.fr\/blog\/#\/schema\/person\/6e1a43c3a2767543109ceb6f9dbbef4a"},"description":"immobilier neuf : lancements commerciaux - Ne laissez pas les meilleures opportunit\u00e9s vous \u00e9chapper et d\u00e9couvrez en avant 1\u00e8re les lancements commerciaux...","breadcrumb":{"@id":"https:\/\/www.immobiliare-neuf.fr\/blog\/immobilier-neuf-lancements-commerciaux-2015\/#breadcrumb"},"inLanguage":"fr-FR","potentialAction":[{"@type":"ReadAction","target":["https:\/\/www.immobiliare-neuf.fr\/blog\/immobilier-neuf-lancements-commerciaux-2015\/"]}]},{"@type":"BreadcrumbList","@id":"https:\/\/www.immobiliare-neuf.fr\/blog\/immobilier-neuf-lancements-commerciaux-2015\/#breadcrumb","itemListElement":[{"@type":"ListItem","position":1,"name":"Accueil","item":"http:\/\/www.immobiliare-neuf.fr\/blog\/"},{"@type":"ListItem","position":2,"name":"immobilier neuf : lancements commerciaux"}]},{"@type":"Person","@id":"http:\/\/www.immobiliare-neuf.fr\/blog\/#\/schema\/person\/6e1a43c3a2767543109ceb6f9dbbef4a","name":"immo1","image":{"@type":"ImageObject","@id":"http:\/\/www.immobiliare-neuf.fr\/blog\/#personlogo","inLanguage":"fr-FR","url":"http:\/\/0.gravatar.com\/avatar\/fc0b8723b1087fefc5c15987cae8eede?s=96&d=mm&r=g","contentUrl":"http:\/\/0.gravatar.com\/avatar\/fc0b8723b1087fefc5c15987cae8eede?s=96&d=mm&r=g","caption":"immo1"},"url":"http:\/\/www.immobiliare-neuf.fr\/blog\/author\/immo1\/"}]}},"_links":{"self":[{"href":"http:\/\/www.immobiliare-neuf.fr\/blog\/wp-json\/wp\/v2\/posts\/2580"}],"collection":[{"href":"http:\/\/www.immobiliare-neuf.fr\/blog\/wp-json\/wp\/v2\/posts"}],"about":[{"href":"http:\/\/www.immobiliare-neuf.fr\/blog\/wp-json\/wp\/v2\/types\/post"}],"author":[{"embeddable":true,"href":"http:\/\/www.immobiliare-neuf.fr\/blog\/wp-json\/wp\/v2\/users\/2"}],"replies":[{"embeddable":true,"href":"http:\/\/www.immobiliare-neuf.fr\/blog\/wp-json\/wp\/v2\/comments?post=2580"}],"version-history":[{"count":6,"href":"http:\/\/www.immobiliare-neuf.fr\/blog\/wp-json\/wp\/v2\/posts\/2580\/revisions"}],"predecessor-version":[{"id":3493,"href":"http:\/\/www.immobiliare-neuf.fr\/blog\/wp-json\/wp\/v2\/posts\/2580\/revisions\/3493"}],"wp:attachment":[{"href":"http:\/\/www.immobiliare-neuf.fr\/blog\/wp-json\/wp\/v2\/media?parent=2580"}],"wp:term":[{"taxonomy":"category","embeddable":true,"href":"http:\/\/www.immobiliare-neuf.fr\/blog\/wp-json\/wp\/v2\/categories?post=2580"},{"taxonomy":"post_tag","embeddable":true,"href":"http:\/\/www.immobiliare-neuf.fr\/blog\/wp-json\/wp\/v2\/tags?post=2580"}],"curies":[{"name":"wp","href":"https:\/\/api.w.org\/{rel}","templated":true}]}}