









{"id":2262,"date":"2015-03-09T15:41:38","date_gmt":"2015-03-09T14:41:38","guid":{"rendered":"http:\/\/www.immobiliare-neuf.fr\/blog\/?p=2262"},"modified":"2016-09-20T20:06:43","modified_gmt":"2016-09-20T19:06:43","slug":"toulouse-les-5-projets-reamenagement-du-centre-ville-2020","status":"publish","type":"post","link":"http:\/\/www.immobiliare-neuf.fr\/blog\/toulouse-les-5-projets-reamenagement-du-centre-ville-2020\/","title":{"rendered":"Toulouse : Les 5 projets de r\u00e9am\u00e9nagement du centre-ville \u00e0 venir d\u2019ici 2020"},"content":{"rendered":"<p style=\"text-align: justify;\"><span style=\"font-size: 12pt;\">Berges de la Garonne, Saint-Sernin, rue Bayard, rue des Lois, rue Gambetta\u2026 Quels sont les\u00a0 nouveaux projets d\u2019am\u00e9nagement de l&rsquo;urbaniste catalan Joan Busquets pour le centre ville de Toulouse ? Retour sur l\u2019annonce du Maire Jean-Luc Moudenc qui poursuit son objectif de classer Toulouse au patrimoine mondial de l\u2019Unesco avec une strat\u00e9gie\u00a0: \u00abmettre en valeur son patrimoine historique et naturel h\u00e9rit\u00e9 des si\u00e8cles pr\u00e9c\u00e9dents\u00bb.<\/span><\/p>\n<p style=\"text-align: justify;\"><span style=\"color: #ffffff; font-size: 12pt;\">.<\/span><\/p>\n<h2 style=\"text-align: justify;\">L&rsquo;am\u00e9nagement de la rue des Lois et Gambetta<\/h2>\n<p style=\"text-align: justify;\"><span style=\"font-size: 12pt;\">Apr\u00e8s la rue Pargamini\u00e8res et la place Saint-Pierre, place au r\u00e9am\u00e9nagement de la rue des Lois et de la rue Gambetta dans un esprit fid\u00e8le aux pr\u00e9c\u00e9dents chantiers avec le d\u00e9veloppement du semi-pi\u00e9tonnier. Date d\u2019ach\u00e8vement\u00a0? 2017 selon Annette Laigneau, l&rsquo;adjointe \u00e0 l&rsquo;urbanisme.<\/span><\/p>\n<p><span style=\"color: #ffffff;\">.<\/span><\/p>\n<p style=\"text-align: center;\"><a href=\"http:\/\/www.immobiliare-neuf.fr\/blog\/wp-content\/uploads\/2015\/03\/rue-gambetta-toulouse.jpg\"><img loading=\"lazy\" decoding=\"async\" class=\" aligncenter\" src=\"http:\/\/www.immobiliare-neuf.fr\/blog\/wp-content\/uploads\/2015\/03\/rue-gambetta-toulouse.jpg\" alt=\"rue gambetta toulouse\" width=\"561\" height=\"360\" \/><\/a>R\u00e9am\u00e9nagement de la rue Gambetta. &#8211; Agence BAU-B- Joan Busquets<\/p>\n<p><span style=\"color: #ffffff;\">.<\/span><\/p>\n<h2>Les berges de la Garonne<\/h2>\n<p style=\"text-align: justify;\"><span style=\"font-size: 12pt;\">Toujours dans l\u2019objectif de faire revivre les berges de la Garonne et apr\u00e8s le quai Saint-Pierre, des travaux sont aujourd\u2019hui pr\u00e9vus sur la partie basse de la Daurade. Des \u00e9quipements d&rsquo;amarrage vont ainsi \u00eatre install\u00e9s au port Viguerie et sur le quai de Tounis o\u00f9 Joan Busquets a imagin\u00e9 l&rsquo;installation d&rsquo;une \u00abbuvette flottante\u00bb ou d\u2019un service de restauration. Tandis que l\u2019autre c\u00f4t\u00e9 de la rive, au niveau du quai de l&rsquo;Exil r\u00e9publicain espagnol, une piscine flottante pourrait \u00eatre install\u00e9e.<\/span><\/p>\n<p><span style=\"color: #ffffff;\">.<\/span><\/p>\n<p><a href=\"http:\/\/www.immobiliare-neuf.fr\/blog\/wp-content\/uploads\/2015\/03\/Quai-de-Tounis-toulouse.jpg\"><img loading=\"lazy\" decoding=\"async\" class=\" aligncenter\" src=\"http:\/\/www.immobiliare-neuf.fr\/blog\/wp-content\/uploads\/2015\/03\/Quai-de-Tounis-toulouse.jpg\" alt=\"Quai de Tounis toulouse\" width=\"561\" height=\"360\" \/><\/a><\/p>\n<p style=\"text-align: center;\"><span style=\"font-size: 10pt;\">Buvette flottante du quai de Tounis. &#8211; Agence BAU-B- Joan Busquets<\/span><\/p>\n<p><span style=\"color: #ffffff;\">.<\/span><\/p>\n<p><a href=\"http:\/\/www.immobiliare-neuf.fr\/blog\/wp-content\/uploads\/2015\/03\/port-viguerie-toulouse.jpg\"><img loading=\"lazy\" decoding=\"async\" class=\" aligncenter\" src=\"http:\/\/www.immobiliare-neuf.fr\/blog\/wp-content\/uploads\/2015\/03\/port-viguerie-toulouse.jpg\" alt=\"port viguerie toulouse\" width=\"561\" height=\"360\" \/><\/a><\/p>\n<p style=\"text-align: center;\"><span style=\"font-size: 10pt;\">Le r\u00e9am\u00e9nagement du port Viguerie selon Joan Busquets. &#8211; Agence BAU-B<\/span><\/p>\n<p style=\"text-align: justify;\"><span style=\"color: #ffffff; font-size: 12pt;\">.<\/span><\/p>\n<p style=\"text-align: justify;\"><span style=\"font-size: 12pt;\">Des id\u00e9es jug\u00e9es positivement par le club \u00e9conomique tourisme\u00a0\u00d4 fil de l&rsquo;eau \u00abmais il va falloir voir si techniquement c&rsquo;est r\u00e9alisable, notamment au niveau des r\u00e8gles de navigation\u00bb.<\/span><\/p>\n<p style=\"text-align: justify;\"><span style=\"color: #ffffff; font-size: 12pt;\">.<\/span><\/p>\n<h2><span style=\"font-family: 'Open Sans', serif; color: #4c4d4e;\">Retour aux sources pour Saint-Sernin<\/span><\/h2>\n<p><span style=\"font-size: 12pt;\">Adieu les 130 places de parking et les grilles qui entourent la basilique Saint-Sernin, l&rsquo;espace entourant l&rsquo;\u00e9difice fera revivre l&rsquo;ancien clo\u00eetre sous une forme v\u00e9g\u00e9talis\u00e9e.<\/span><\/p>\n<p><span style=\"color: #ffffff;\">.<\/span><\/p>\n<p><a href=\"http:\/\/www.immobiliare-neuf.fr\/blog\/wp-content\/uploads\/2015\/03\/cloitre-saint-sernin.png\"><img loading=\"lazy\" decoding=\"async\" class=\" aligncenter\" src=\"http:\/\/www.immobiliare-neuf.fr\/blog\/wp-content\/uploads\/2015\/03\/cloitre-saint-sernin.png\" alt=\"cloitre saint-sernin\" width=\"561\" height=\"360\" \/><\/a><\/p>\n<p style=\"text-align: center;\">R\u00e9am\u00e9nagement au niveau de l&rsquo;ancien clo\u00eetre de Saint-Sernin- Agence BAU-B<\/p>\n<p><span style=\"color: #ffffff;\">.<\/span><\/p>\n<h2>Elargissement des trottoirs et plus de verdure pour la rue Bayard<\/h2>\n<p style=\"text-align: justify;\"><span style=\"font-size: 12pt;\">La rue Bayard qui fait le lien entre-le centre ville et la gare, sera la premi\u00e8re art\u00e8re de Toulouse \u00e0 \u00eatre r\u00e9am\u00e9nag\u00e9e en pr\u00e9vision de l&rsquo;arriv\u00e9e en 2024 de la LGV et la refonte compl\u00e8te du quartier Matabiau.\u00a0 \u00abNous pouvons y \u00e9largir les trottoirs et mettre des arbres, mais aussi y renforcer l&rsquo;espace commercial\u00bb, explique l&rsquo;urbaniste Joan Busquets. Quant \u00e0 la\u00a0gare, elle devra \u00ab\u00a0<em>changer de statut et d&rsquo;image aujourd&rsquo;hui, sans attendre la LGV<\/em>\u00ab\u00a0.\u00a0Il est question d&rsquo;y cr\u00e9er un vaste parvis du c\u00f4t\u00e9 de sa fa\u00e7ade historique et une entr\u00e9e plus moderne c\u00f4t\u00e9 Marengo.<\/span><\/p>\n<p><span style=\"color: #ffffff;\">.<\/span><\/p>\n<p><a href=\"http:\/\/www.immobiliare-neuf.fr\/blog\/wp-content\/uploads\/2015\/03\/rue-bayard-toulouse.jpg\"><img loading=\"lazy\" decoding=\"async\" class=\" aligncenter\" src=\"http:\/\/www.immobiliare-neuf.fr\/blog\/wp-content\/uploads\/2015\/03\/rue-bayard-toulouse.jpg\" alt=\"rue bayard toulouse\" width=\"561\" height=\"360\" \/><\/a><\/p>\n<p style=\"text-align: center;\"><span style=\"font-size: 10pt;\">Le r\u00e9am\u00e9nagement de la rue Bayard selon l&rsquo;urbaniste Joan Busquets. &#8211; Agence BAU-B<\/span><\/p>\n<p><span style=\"color: #ffffff;\">.<\/span><\/p>\n<h2>La place du Salin<\/h2>\n<p><span style=\"font-size: 12pt;\">Les travaux de r\u00e9novation du Palais de justice arrivant \u00e0 leur terme, la mairie a entrepris\u00a0la r\u00e9novation de la place du Saint Salin d&rsquo;ici \u00e0 2019 et des \u00e9tudes seront lanc\u00e9es pour celle du\u00a0Parlement.<\/span><\/p>\n<p><span style=\"color: #ffffff;\">.<\/span><\/p>\n<h2>Quel montant\u00a0?<\/h2>\n<p><span style=\"font-size: 12pt;\">Le tout pour un montant \u00e9valu\u00e9 \u00e0 65 millions d&rsquo;euros qui sera soumis \u00e0 la concertation publique le 30 mars, apr\u00e8s les \u00e9lections d\u00e9partementales.<\/span><\/p>\n<p>&nbsp;<\/p>\n","protected":false},"excerpt":{"rendered":"<p>Berges de la Garonne, Saint-Sernin, rue Bayard, rue des Lois, rue Gambetta\u2026 Quels sont les\u00a0 nouveaux projets d\u2019am\u00e9nagement de l&rsquo;urbaniste catalan Joan Busquets pour le centre ville de Toulouse ? Retour sur l\u2019annonce du Maire Jean-Luc Moudenc qui poursuit son objectif de classer Toulouse au patrimoine mondial de l\u2019Unesco avec une strat\u00e9gie\u00a0: \u00abmettre en valeur [&hellip;]<\/p>\n","protected":false},"author":2,"featured_media":0,"comment_status":"open","ping_status":"closed","sticky":false,"template":"","format":"standard","meta":{"_bbp_topic_count":0,"_bbp_reply_count":0,"_bbp_total_topic_count":0,"_bbp_total_reply_count":0,"_bbp_voice_count":0,"_bbp_anonymous_reply_count":0,"_bbp_topic_count_hidden":0,"_bbp_reply_count_hidden":0,"_bbp_forum_subforum_count":0,"footnotes":""},"categories":[8],"tags":[],"yoast_head":"<!-- This site is optimized with the Yoast SEO plugin v17.7 - https:\/\/yoast.com\/wordpress\/plugins\/seo\/ -->\n<title>Toulouse : Les 5 projets de r\u00e9am\u00e9nagement du centre-ville \u00e0 venir d\u2019ici 2020 - Maisons et appartements neufs |Toulouse Immobilier neuf<\/title>\n<meta name=\"description\" content=\"Toulouse : Les 5 projets de r\u00e9am\u00e9nagement du centre-ville - Berges de la Garonne, Saint-Sernin, rue Bayard, rue des Lois, rue Gambetta. Les projets 2020\" \/>\n<meta name=\"robots\" content=\"index, follow, max-snippet:-1, max-image-preview:large, max-video-preview:-1\" \/>\n<link rel=\"canonical\" href=\"http:\/\/www.immobiliare-neuf.fr\/blog\/toulouse-les-5-projets-reamenagement-du-centre-ville-2020\/\" \/>\n<meta property=\"og:locale\" content=\"fr_FR\" \/>\n<meta property=\"og:type\" content=\"article\" \/>\n<meta property=\"og:title\" content=\"Toulouse : Les 5 projets de r\u00e9am\u00e9nagement du centre-ville \u00e0 venir d\u2019ici 2020 - Maisons et appartements neufs |Toulouse Immobilier neuf\" \/>\n<meta property=\"og:description\" content=\"Toulouse : Les 5 projets de r\u00e9am\u00e9nagement du centre-ville - Berges de la Garonne, Saint-Sernin, rue Bayard, rue des Lois, rue Gambetta. Les projets 2020\" \/>\n<meta property=\"og:url\" content=\"http:\/\/www.immobiliare-neuf.fr\/blog\/toulouse-les-5-projets-reamenagement-du-centre-ville-2020\/\" \/>\n<meta property=\"og:site_name\" content=\"Maisons et appartements neufs |Toulouse Immobilier neuf\" \/>\n<meta property=\"article:publisher\" content=\"https:\/\/www.facebook.com\/pages\/Immobiliare-31\/188363961250077?ref_type=bookmark\" \/>\n<meta property=\"article:published_time\" content=\"2015-03-09T14:41:38+00:00\" \/>\n<meta property=\"article:modified_time\" content=\"2016-09-20T19:06:43+00:00\" \/>\n<meta property=\"og:image\" content=\"http:\/\/www.immobiliare-neuf.fr\/blog\/wp-content\/uploads\/2015\/03\/rue-gambetta-toulouse.jpg\" \/>\n<meta name=\"twitter:label1\" content=\"\u00c9crit par\" \/>\n\t<meta name=\"twitter:data1\" content=\"immo1\" \/>\n\t<meta name=\"twitter:label2\" content=\"Dur\u00e9e de lecture estim\u00e9e\" \/>\n\t<meta name=\"twitter:data2\" content=\"3 minutes\" \/>\n<script type=\"application\/ld+json\" class=\"yoast-schema-graph\">{\"@context\":\"https:\/\/schema.org\",\"@graph\":[{\"@type\":\"WebSite\",\"@id\":\"http:\/\/www.immobiliare-neuf.fr\/blog\/#website\",\"url\":\"http:\/\/www.immobiliare-neuf.fr\/blog\/\",\"name\":\"Maisons et appartements neufs |Toulouse Immobilier neuf\",\"description\":\"Toute l&#039;actu de l&#039;immobilier neuf \\u00e0 Toulouse !\",\"potentialAction\":[{\"@type\":\"SearchAction\",\"target\":{\"@type\":\"EntryPoint\",\"urlTemplate\":\"http:\/\/www.immobiliare-neuf.fr\/blog\/?s={search_term_string}\"},\"query-input\":\"required name=search_term_string\"}],\"inLanguage\":\"fr-FR\"},{\"@type\":\"ImageObject\",\"@id\":\"http:\/\/www.immobiliare-neuf.fr\/blog\/toulouse-les-5-projets-reamenagement-du-centre-ville-2020\/#primaryimage\",\"inLanguage\":\"fr-FR\",\"url\":\"http:\/\/www.immobiliare-neuf.fr\/blog\/wp-content\/uploads\/2015\/03\/rue-gambetta-toulouse.jpg\",\"contentUrl\":\"http:\/\/www.immobiliare-neuf.fr\/blog\/wp-content\/uploads\/2015\/03\/rue-gambetta-toulouse.jpg\",\"width\":561,\"height\":360},{\"@type\":\"WebPage\",\"@id\":\"http:\/\/www.immobiliare-neuf.fr\/blog\/toulouse-les-5-projets-reamenagement-du-centre-ville-2020\/#webpage\",\"url\":\"http:\/\/www.immobiliare-neuf.fr\/blog\/toulouse-les-5-projets-reamenagement-du-centre-ville-2020\/\",\"name\":\"Toulouse : Les 5 projets de r\\u00e9am\\u00e9nagement du centre-ville \\u00e0 venir d\\u2019ici 2020 - Maisons et appartements neufs |Toulouse Immobilier neuf\",\"isPartOf\":{\"@id\":\"http:\/\/www.immobiliare-neuf.fr\/blog\/#website\"},\"primaryImageOfPage\":{\"@id\":\"http:\/\/www.immobiliare-neuf.fr\/blog\/toulouse-les-5-projets-reamenagement-du-centre-ville-2020\/#primaryimage\"},\"datePublished\":\"2015-03-09T14:41:38+00:00\",\"dateModified\":\"2016-09-20T19:06:43+00:00\",\"author\":{\"@id\":\"http:\/\/www.immobiliare-neuf.fr\/blog\/#\/schema\/person\/6e1a43c3a2767543109ceb6f9dbbef4a\"},\"description\":\"Toulouse : Les 5 projets de r\\u00e9am\\u00e9nagement du centre-ville - Berges de la Garonne, Saint-Sernin, rue Bayard, rue des Lois, rue Gambetta. Les projets 2020\",\"breadcrumb\":{\"@id\":\"http:\/\/www.immobiliare-neuf.fr\/blog\/toulouse-les-5-projets-reamenagement-du-centre-ville-2020\/#breadcrumb\"},\"inLanguage\":\"fr-FR\",\"potentialAction\":[{\"@type\":\"ReadAction\",\"target\":[\"http:\/\/www.immobiliare-neuf.fr\/blog\/toulouse-les-5-projets-reamenagement-du-centre-ville-2020\/\"]}]},{\"@type\":\"BreadcrumbList\",\"@id\":\"http:\/\/www.immobiliare-neuf.fr\/blog\/toulouse-les-5-projets-reamenagement-du-centre-ville-2020\/#breadcrumb\",\"itemListElement\":[{\"@type\":\"ListItem\",\"position\":1,\"name\":\"Accueil\",\"item\":\"http:\/\/www.immobiliare-neuf.fr\/blog\/\"},{\"@type\":\"ListItem\",\"position\":2,\"name\":\"Toulouse : Les 5 projets de r\\u00e9am\\u00e9nagement du centre-ville \\u00e0 venir d\\u2019ici 2020\"}]},{\"@type\":\"Person\",\"@id\":\"http:\/\/www.immobiliare-neuf.fr\/blog\/#\/schema\/person\/6e1a43c3a2767543109ceb6f9dbbef4a\",\"name\":\"immo1\",\"image\":{\"@type\":\"ImageObject\",\"@id\":\"http:\/\/www.immobiliare-neuf.fr\/blog\/#personlogo\",\"inLanguage\":\"fr-FR\",\"url\":\"http:\/\/0.gravatar.com\/avatar\/fc0b8723b1087fefc5c15987cae8eede?s=96&d=mm&r=g\",\"contentUrl\":\"http:\/\/0.gravatar.com\/avatar\/fc0b8723b1087fefc5c15987cae8eede?s=96&d=mm&r=g\",\"caption\":\"immo1\"},\"url\":\"http:\/\/www.immobiliare-neuf.fr\/blog\/author\/immo1\/\"}]}<\/script>\n<!-- \/ Yoast SEO plugin. -->","yoast_head_json":{"title":"Toulouse : Les 5 projets de r\u00e9am\u00e9nagement du centre-ville \u00e0 venir d\u2019ici 2020 - Maisons et appartements neufs |Toulouse Immobilier neuf","description":"Toulouse : Les 5 projets de r\u00e9am\u00e9nagement du centre-ville - Berges de la Garonne, Saint-Sernin, rue Bayard, rue des Lois, rue Gambetta. Les projets 2020","robots":{"index":"index","follow":"follow","max-snippet":"max-snippet:-1","max-image-preview":"max-image-preview:large","max-video-preview":"max-video-preview:-1"},"canonical":"http:\/\/www.immobiliare-neuf.fr\/blog\/toulouse-les-5-projets-reamenagement-du-centre-ville-2020\/","og_locale":"fr_FR","og_type":"article","og_title":"Toulouse : Les 5 projets de r\u00e9am\u00e9nagement du centre-ville \u00e0 venir d\u2019ici 2020 - Maisons et appartements neufs |Toulouse Immobilier neuf","og_description":"Toulouse : Les 5 projets de r\u00e9am\u00e9nagement du centre-ville - Berges de la Garonne, Saint-Sernin, rue Bayard, rue des Lois, rue Gambetta. Les projets 2020","og_url":"http:\/\/www.immobiliare-neuf.fr\/blog\/toulouse-les-5-projets-reamenagement-du-centre-ville-2020\/","og_site_name":"Maisons et appartements neufs |Toulouse Immobilier neuf","article_publisher":"https:\/\/www.facebook.com\/pages\/Immobiliare-31\/188363961250077?ref_type=bookmark","article_published_time":"2015-03-09T14:41:38+00:00","article_modified_time":"2016-09-20T19:06:43+00:00","og_image":[{"url":"http:\/\/www.immobiliare-neuf.fr\/blog\/wp-content\/uploads\/2015\/03\/rue-gambetta-toulouse.jpg"}],"twitter_misc":{"\u00c9crit par":"immo1","Dur\u00e9e de lecture estim\u00e9e":"3 minutes"},"schema":{"@context":"https:\/\/schema.org","@graph":[{"@type":"WebSite","@id":"http:\/\/www.immobiliare-neuf.fr\/blog\/#website","url":"http:\/\/www.immobiliare-neuf.fr\/blog\/","name":"Maisons et appartements neufs |Toulouse Immobilier neuf","description":"Toute l&#039;actu de l&#039;immobilier neuf \u00e0 Toulouse !","potentialAction":[{"@type":"SearchAction","target":{"@type":"EntryPoint","urlTemplate":"http:\/\/www.immobiliare-neuf.fr\/blog\/?s={search_term_string}"},"query-input":"required name=search_term_string"}],"inLanguage":"fr-FR"},{"@type":"ImageObject","@id":"http:\/\/www.immobiliare-neuf.fr\/blog\/toulouse-les-5-projets-reamenagement-du-centre-ville-2020\/#primaryimage","inLanguage":"fr-FR","url":"http:\/\/www.immobiliare-neuf.fr\/blog\/wp-content\/uploads\/2015\/03\/rue-gambetta-toulouse.jpg","contentUrl":"http:\/\/www.immobiliare-neuf.fr\/blog\/wp-content\/uploads\/2015\/03\/rue-gambetta-toulouse.jpg","width":561,"height":360},{"@type":"WebPage","@id":"http:\/\/www.immobiliare-neuf.fr\/blog\/toulouse-les-5-projets-reamenagement-du-centre-ville-2020\/#webpage","url":"http:\/\/www.immobiliare-neuf.fr\/blog\/toulouse-les-5-projets-reamenagement-du-centre-ville-2020\/","name":"Toulouse : Les 5 projets de r\u00e9am\u00e9nagement du centre-ville \u00e0 venir d\u2019ici 2020 - Maisons et appartements neufs |Toulouse Immobilier neuf","isPartOf":{"@id":"http:\/\/www.immobiliare-neuf.fr\/blog\/#website"},"primaryImageOfPage":{"@id":"http:\/\/www.immobiliare-neuf.fr\/blog\/toulouse-les-5-projets-reamenagement-du-centre-ville-2020\/#primaryimage"},"datePublished":"2015-03-09T14:41:38+00:00","dateModified":"2016-09-20T19:06:43+00:00","author":{"@id":"http:\/\/www.immobiliare-neuf.fr\/blog\/#\/schema\/person\/6e1a43c3a2767543109ceb6f9dbbef4a"},"description":"Toulouse : Les 5 projets de r\u00e9am\u00e9nagement du centre-ville - Berges de la Garonne, Saint-Sernin, rue Bayard, rue des Lois, rue Gambetta. Les projets 2020","breadcrumb":{"@id":"http:\/\/www.immobiliare-neuf.fr\/blog\/toulouse-les-5-projets-reamenagement-du-centre-ville-2020\/#breadcrumb"},"inLanguage":"fr-FR","potentialAction":[{"@type":"ReadAction","target":["http:\/\/www.immobiliare-neuf.fr\/blog\/toulouse-les-5-projets-reamenagement-du-centre-ville-2020\/"]}]},{"@type":"BreadcrumbList","@id":"http:\/\/www.immobiliare-neuf.fr\/blog\/toulouse-les-5-projets-reamenagement-du-centre-ville-2020\/#breadcrumb","itemListElement":[{"@type":"ListItem","position":1,"name":"Accueil","item":"http:\/\/www.immobiliare-neuf.fr\/blog\/"},{"@type":"ListItem","position":2,"name":"Toulouse : Les 5 projets de r\u00e9am\u00e9nagement du centre-ville \u00e0 venir d\u2019ici 2020"}]},{"@type":"Person","@id":"http:\/\/www.immobiliare-neuf.fr\/blog\/#\/schema\/person\/6e1a43c3a2767543109ceb6f9dbbef4a","name":"immo1","image":{"@type":"ImageObject","@id":"http:\/\/www.immobiliare-neuf.fr\/blog\/#personlogo","inLanguage":"fr-FR","url":"http:\/\/0.gravatar.com\/avatar\/fc0b8723b1087fefc5c15987cae8eede?s=96&d=mm&r=g","contentUrl":"http:\/\/0.gravatar.com\/avatar\/fc0b8723b1087fefc5c15987cae8eede?s=96&d=mm&r=g","caption":"immo1"},"url":"http:\/\/www.immobiliare-neuf.fr\/blog\/author\/immo1\/"}]}},"_links":{"self":[{"href":"http:\/\/www.immobiliare-neuf.fr\/blog\/wp-json\/wp\/v2\/posts\/2262"}],"collection":[{"href":"http:\/\/www.immobiliare-neuf.fr\/blog\/wp-json\/wp\/v2\/posts"}],"about":[{"href":"http:\/\/www.immobiliare-neuf.fr\/blog\/wp-json\/wp\/v2\/types\/post"}],"author":[{"embeddable":true,"href":"http:\/\/www.immobiliare-neuf.fr\/blog\/wp-json\/wp\/v2\/users\/2"}],"replies":[{"embeddable":true,"href":"http:\/\/www.immobiliare-neuf.fr\/blog\/wp-json\/wp\/v2\/comments?post=2262"}],"version-history":[{"count":11,"href":"http:\/\/www.immobiliare-neuf.fr\/blog\/wp-json\/wp\/v2\/posts\/2262\/revisions"}],"predecessor-version":[{"id":2359,"href":"http:\/\/www.immobiliare-neuf.fr\/blog\/wp-json\/wp\/v2\/posts\/2262\/revisions\/2359"}],"wp:attachment":[{"href":"http:\/\/www.immobiliare-neuf.fr\/blog\/wp-json\/wp\/v2\/media?parent=2262"}],"wp:term":[{"taxonomy":"category","embeddable":true,"href":"http:\/\/www.immobiliare-neuf.fr\/blog\/wp-json\/wp\/v2\/categories?post=2262"},{"taxonomy":"post_tag","embeddable":true,"href":"http:\/\/www.immobiliare-neuf.fr\/blog\/wp-json\/wp\/v2\/tags?post=2262"}],"curies":[{"name":"wp","href":"https:\/\/api.w.org\/{rel}","templated":true}]}}