









{"id":1799,"date":"2014-07-07T14:53:53","date_gmt":"2014-07-07T13:53:53","guid":{"rendered":"http:\/\/www.immobiliare-neuf.fr\/blog\/?p=1799"},"modified":"2016-09-21T09:13:34","modified_gmt":"2016-09-21T08:13:34","slug":"marche-limmobilier-manque-pas-foncier-fluidite","status":"publish","type":"post","link":"http:\/\/www.immobiliare-neuf.fr\/blog\/marche-limmobilier-manque-pas-foncier-fluidite\/","title":{"rendered":"Le march\u00e9 de l&rsquo;immobilier ne manque pas de foncier mais de \u00ab\u00a0fluidit\u00e9\u00a0\u00bb"},"content":{"rendered":"<div class=\"photo portrait\" style=\"color: #464646; text-align: justify;\"><a class=\"thickbox\" style=\"color: #464646;\" title=\"Thierry Repentin veillera sur l'application de loi de mobilisation du foncier public (\u00a9dr)\" href=\"http:\/\/immo-neuf.lavieimmo.com\/picture\/actualite\/realsize\/thierry-repentin-veillera-sur-l-application-de-loi-de-mobilisation-du-foncier-public-286124.jpg\"><img loading=\"lazy\" decoding=\"async\" class=\"alignleft\" src=\"http:\/\/immo-neuf.lavieimmo.com\/picture\/actualite\/big-thierry-repentin-veillera-sur-l-application-de-loi-de-mobilisation-du-foncier-public-286124.jpg?1\" alt=\"Thierry Repentin \" width=\"260\" height=\"338\" \/><\/a><span style=\"font-size: 14pt;\">Interrog\u00e9 par BFMTV, le pr\u00e9sident de la Commission nationale de l\u2019am\u00e9nagement, de l\u2019urbanisme et du foncier juge\u00a0que le march\u00e9 ne manque pas de foncier, mais de \u00ab\u00a0<em>fluidit\u00e9<\/em>\u00a0\u00bb.<\/span><\/div>\n<div class=\"photo portrait\" style=\"color: #464646; text-align: justify;\"><span style=\"color: #ffffff;\">.<\/span><\/div>\n<div class=\"photo portrait\" style=\"color: #464646; text-align: justify;\"><span style=\"color: #ffffff;\">.<\/span><\/div>\n<p style=\"color: #464646; text-align: justify;\"><span style=\"font-size: 12pt;\">\u00ab<em>\u00a0Le march\u00e9\u00a0ne manque pas de terrains constructibles pour faire les 500 000 logements dont la France a besoin, pour (\u2026) \u00e9ponger le rattrapage de plusieurs ann\u00e9es de d\u00e9ficit<\/em>\u00a0\u00bb, a d\u00e9clar\u00e9 Thierry Repentin interrog\u00e9 par St\u00e9phane Soumier sur la p\u00e9nurie de foncier.<\/span><\/p>\n<p style=\"color: #464646; text-align: justify;\"><span style=\"font-size: 12pt;\">L\u2019ex-ministre d\u00e9l\u00e9gu\u00e9 aux Affaires europ\u00e9ennes, r\u00e9cemment nomm\u00e9 \u00e0 la t\u00eate de la Commission nationale de l\u2019am\u00e9nagement, de l\u2019urbanisme et du foncier, a en revanche d\u00e9plor\u00e9 le \u00ab\u00a0<em>manque de fluidit\u00e9<\/em>\u00a0\u00bb du march\u00e9. Selon lui, \u00ab<em>\u00a0ces terrains existent mais ne sont pas mis sur le march\u00e9, donc il <strong>faut des mesure incitatives<\/strong>\u00a0<\/em>\u00bb.<\/span><\/p>\n<div class=\"relatedlink\" style=\"color: #464646; text-align: justify;\">\n<h5 style=\"color: #545a58;\"><\/h5>\n<p>&nbsp;<\/p>\n<p>&nbsp;<\/p>\n<h2>L\u2019objectif de 500 000 logements par an ? \u00ab<em>On n\u2019y sera pas cette ann\u00e9e\u00a0<\/em><\/h2>\n<\/div>\n<p style=\"color: #464646; text-align: justify;\"><span style=\"font-size: 12pt;\">L\u2019objectif de 500 000 logements par an ? \u00ab<em>On n\u2019y sera pas cette ann\u00e9e\u00a0<\/em>\u00bb, admet Thierry Repentin, qui mise sur la loi de C\u00e9cile\u00a0Duflot\u00a0afin de lib\u00e9rer <strong>pas moins de 6 millions de m\u00b2<\/strong> de foncier pour les constructeurs. La nouvelle autorit\u00e9 dont il a la charge tranchera notamment les \u00e9ventuels conflits entre minist\u00e8res et municipalit\u00e9s, afin de faciliter les cessions de terrains avec d\u00e9cote. Mais il faudra \u00ab<em>\u00a0deux ans, trois ans, quatre ans, pour voir la livraison<\/em>\u00a0\u00bb de ces logements.<\/span><\/p>\n<p style=\"color: #464646; text-align: justify;\"><span style=\"font-size: 12pt;\">Le dispositif donne d\u00e9j\u00e0 des r\u00e9sultats, selon Thierry Repentin : A Toulouse, un terrain a \u00e9t\u00e9 vendu avec 73 % de d\u00e9cote, ce qui permet \u00ab<em>la construction de 750 logements<\/em>\u00a0\u00bb, a-t-il d\u00e9clar\u00e9 sur BFMTV.<\/span><\/p>\n","protected":false},"excerpt":{"rendered":"<p>Interrog\u00e9 par BFMTV, le pr\u00e9sident de la Commission nationale de l\u2019am\u00e9nagement, de l\u2019urbanisme et du foncier juge\u00a0que le march\u00e9 ne manque pas de foncier, mais de \u00ab\u00a0fluidit\u00e9\u00a0\u00bb. . . \u00ab\u00a0Le march\u00e9\u00a0ne manque pas de terrains constructibles pour faire les 500 000 logements dont la France a besoin, pour (\u2026) \u00e9ponger le rattrapage de plusieurs ann\u00e9es [&hellip;]<\/p>\n","protected":false},"author":2,"featured_media":0,"comment_status":"open","ping_status":"open","sticky":false,"template":"","format":"standard","meta":{"_bbp_topic_count":0,"_bbp_reply_count":0,"_bbp_total_topic_count":0,"_bbp_total_reply_count":0,"_bbp_voice_count":0,"_bbp_anonymous_reply_count":0,"_bbp_topic_count_hidden":0,"_bbp_reply_count_hidden":0,"_bbp_forum_subforum_count":0,"footnotes":""},"categories":[34],"tags":[],"yoast_head":"<!-- This site is optimized with the Yoast SEO plugin v17.7 - https:\/\/yoast.com\/wordpress\/plugins\/seo\/ -->\n<title>Le march\u00e9 de l&#039;immobilier ne manque pas de foncier mais de &quot;fluidit\u00e9&quot; - Maisons et appartements neufs |Toulouse Immobilier neuf<\/title>\n<meta name=\"description\" content=\"Le march\u00e9 de l&#039;immobilier - Interrog\u00e9 par BFMTV, Thierry Repentin juge que le march\u00e9 de l&#039;immobilier ne manque pas de foncier, mais de \u00ab fluidit\u00e9 \u00bb.\" \/>\n<meta name=\"robots\" content=\"index, follow, max-snippet:-1, max-image-preview:large, max-video-preview:-1\" \/>\n<link rel=\"canonical\" href=\"http:\/\/www.immobiliare-neuf.fr\/blog\/marche-limmobilier-manque-pas-foncier-fluidite\/\" \/>\n<meta property=\"og:locale\" content=\"fr_FR\" \/>\n<meta property=\"og:type\" content=\"article\" \/>\n<meta property=\"og:title\" content=\"Le march\u00e9 de l&#039;immobilier ne manque pas de foncier mais de &quot;fluidit\u00e9&quot; - Maisons et appartements neufs |Toulouse Immobilier neuf\" \/>\n<meta property=\"og:description\" content=\"Le march\u00e9 de l&#039;immobilier - Interrog\u00e9 par BFMTV, Thierry Repentin juge que le march\u00e9 de l&#039;immobilier ne manque pas de foncier, mais de \u00ab fluidit\u00e9 \u00bb.\" \/>\n<meta property=\"og:url\" content=\"http:\/\/www.immobiliare-neuf.fr\/blog\/marche-limmobilier-manque-pas-foncier-fluidite\/\" \/>\n<meta property=\"og:site_name\" content=\"Maisons et appartements neufs |Toulouse Immobilier neuf\" \/>\n<meta property=\"article:publisher\" content=\"https:\/\/www.facebook.com\/pages\/Immobiliare-31\/188363961250077?ref_type=bookmark\" \/>\n<meta property=\"article:published_time\" content=\"2014-07-07T13:53:53+00:00\" \/>\n<meta property=\"article:modified_time\" content=\"2016-09-21T08:13:34+00:00\" \/>\n<meta property=\"og:image\" content=\"http:\/\/immo-neuf.lavieimmo.com\/picture\/actualite\/big-thierry-repentin-veillera-sur-l-application-de-loi-de-mobilisation-du-foncier-public-286124.jpg?1\" \/>\n<meta name=\"twitter:label1\" content=\"\u00c9crit par\" \/>\n\t<meta name=\"twitter:data1\" content=\"immo1\" \/>\n\t<meta name=\"twitter:label2\" content=\"Dur\u00e9e de lecture estim\u00e9e\" \/>\n\t<meta name=\"twitter:data2\" content=\"1 minute\" \/>\n<script type=\"application\/ld+json\" class=\"yoast-schema-graph\">{\"@context\":\"https:\/\/schema.org\",\"@graph\":[{\"@type\":\"WebSite\",\"@id\":\"http:\/\/www.immobiliare-neuf.fr\/blog\/#website\",\"url\":\"http:\/\/www.immobiliare-neuf.fr\/blog\/\",\"name\":\"Maisons et appartements neufs |Toulouse Immobilier neuf\",\"description\":\"Toute l&#039;actu de l&#039;immobilier neuf \\u00e0 Toulouse !\",\"potentialAction\":[{\"@type\":\"SearchAction\",\"target\":{\"@type\":\"EntryPoint\",\"urlTemplate\":\"http:\/\/www.immobiliare-neuf.fr\/blog\/?s={search_term_string}\"},\"query-input\":\"required name=search_term_string\"}],\"inLanguage\":\"fr-FR\"},{\"@type\":\"ImageObject\",\"@id\":\"http:\/\/www.immobiliare-neuf.fr\/blog\/marche-limmobilier-manque-pas-foncier-fluidite\/#primaryimage\",\"inLanguage\":\"fr-FR\",\"url\":\"http:\/\/immo-neuf.lavieimmo.com\/picture\/actualite\/big-thierry-repentin-veillera-sur-l-application-de-loi-de-mobilisation-du-foncier-public-286124.jpg?1\",\"contentUrl\":\"http:\/\/immo-neuf.lavieimmo.com\/picture\/actualite\/big-thierry-repentin-veillera-sur-l-application-de-loi-de-mobilisation-du-foncier-public-286124.jpg?1\"},{\"@type\":\"WebPage\",\"@id\":\"http:\/\/www.immobiliare-neuf.fr\/blog\/marche-limmobilier-manque-pas-foncier-fluidite\/#webpage\",\"url\":\"http:\/\/www.immobiliare-neuf.fr\/blog\/marche-limmobilier-manque-pas-foncier-fluidite\/\",\"name\":\"Le march\\u00e9 de l'immobilier ne manque pas de foncier mais de \\\"fluidit\\u00e9\\\" - Maisons et appartements neufs |Toulouse Immobilier neuf\",\"isPartOf\":{\"@id\":\"http:\/\/www.immobiliare-neuf.fr\/blog\/#website\"},\"primaryImageOfPage\":{\"@id\":\"http:\/\/www.immobiliare-neuf.fr\/blog\/marche-limmobilier-manque-pas-foncier-fluidite\/#primaryimage\"},\"datePublished\":\"2014-07-07T13:53:53+00:00\",\"dateModified\":\"2016-09-21T08:13:34+00:00\",\"author\":{\"@id\":\"http:\/\/www.immobiliare-neuf.fr\/blog\/#\/schema\/person\/6e1a43c3a2767543109ceb6f9dbbef4a\"},\"description\":\"Le march\\u00e9 de l'immobilier - Interrog\\u00e9 par BFMTV, Thierry Repentin juge que le march\\u00e9 de l'immobilier ne manque pas de foncier, mais de \\u00ab fluidit\\u00e9 \\u00bb.\",\"breadcrumb\":{\"@id\":\"http:\/\/www.immobiliare-neuf.fr\/blog\/marche-limmobilier-manque-pas-foncier-fluidite\/#breadcrumb\"},\"inLanguage\":\"fr-FR\",\"potentialAction\":[{\"@type\":\"ReadAction\",\"target\":[\"http:\/\/www.immobiliare-neuf.fr\/blog\/marche-limmobilier-manque-pas-foncier-fluidite\/\"]}]},{\"@type\":\"BreadcrumbList\",\"@id\":\"http:\/\/www.immobiliare-neuf.fr\/blog\/marche-limmobilier-manque-pas-foncier-fluidite\/#breadcrumb\",\"itemListElement\":[{\"@type\":\"ListItem\",\"position\":1,\"name\":\"Accueil\",\"item\":\"http:\/\/www.immobiliare-neuf.fr\/blog\/\"},{\"@type\":\"ListItem\",\"position\":2,\"name\":\"Le march\\u00e9 de l&rsquo;immobilier ne manque pas de foncier mais de \\u00ab\\u00a0fluidit\\u00e9\\u00a0\\u00bb\"}]},{\"@type\":\"Person\",\"@id\":\"http:\/\/www.immobiliare-neuf.fr\/blog\/#\/schema\/person\/6e1a43c3a2767543109ceb6f9dbbef4a\",\"name\":\"immo1\",\"image\":{\"@type\":\"ImageObject\",\"@id\":\"http:\/\/www.immobiliare-neuf.fr\/blog\/#personlogo\",\"inLanguage\":\"fr-FR\",\"url\":\"http:\/\/0.gravatar.com\/avatar\/fc0b8723b1087fefc5c15987cae8eede?s=96&d=mm&r=g\",\"contentUrl\":\"http:\/\/0.gravatar.com\/avatar\/fc0b8723b1087fefc5c15987cae8eede?s=96&d=mm&r=g\",\"caption\":\"immo1\"},\"url\":\"http:\/\/www.immobiliare-neuf.fr\/blog\/author\/immo1\/\"}]}<\/script>\n<!-- \/ Yoast SEO plugin. -->","yoast_head_json":{"title":"Le march\u00e9 de l'immobilier ne manque pas de foncier mais de \"fluidit\u00e9\" - Maisons et appartements neufs |Toulouse Immobilier neuf","description":"Le march\u00e9 de l'immobilier - Interrog\u00e9 par BFMTV, Thierry Repentin juge que le march\u00e9 de l'immobilier ne manque pas de foncier, mais de \u00ab fluidit\u00e9 \u00bb.","robots":{"index":"index","follow":"follow","max-snippet":"max-snippet:-1","max-image-preview":"max-image-preview:large","max-video-preview":"max-video-preview:-1"},"canonical":"http:\/\/www.immobiliare-neuf.fr\/blog\/marche-limmobilier-manque-pas-foncier-fluidite\/","og_locale":"fr_FR","og_type":"article","og_title":"Le march\u00e9 de l'immobilier ne manque pas de foncier mais de \"fluidit\u00e9\" - Maisons et appartements neufs |Toulouse Immobilier neuf","og_description":"Le march\u00e9 de l'immobilier - Interrog\u00e9 par BFMTV, Thierry Repentin juge que le march\u00e9 de l'immobilier ne manque pas de foncier, mais de \u00ab fluidit\u00e9 \u00bb.","og_url":"http:\/\/www.immobiliare-neuf.fr\/blog\/marche-limmobilier-manque-pas-foncier-fluidite\/","og_site_name":"Maisons et appartements neufs |Toulouse Immobilier neuf","article_publisher":"https:\/\/www.facebook.com\/pages\/Immobiliare-31\/188363961250077?ref_type=bookmark","article_published_time":"2014-07-07T13:53:53+00:00","article_modified_time":"2016-09-21T08:13:34+00:00","og_image":[{"url":"http:\/\/immo-neuf.lavieimmo.com\/picture\/actualite\/big-thierry-repentin-veillera-sur-l-application-de-loi-de-mobilisation-du-foncier-public-286124.jpg?1"}],"twitter_misc":{"\u00c9crit par":"immo1","Dur\u00e9e de lecture estim\u00e9e":"1 minute"},"schema":{"@context":"https:\/\/schema.org","@graph":[{"@type":"WebSite","@id":"http:\/\/www.immobiliare-neuf.fr\/blog\/#website","url":"http:\/\/www.immobiliare-neuf.fr\/blog\/","name":"Maisons et appartements neufs |Toulouse Immobilier neuf","description":"Toute l&#039;actu de l&#039;immobilier neuf \u00e0 Toulouse !","potentialAction":[{"@type":"SearchAction","target":{"@type":"EntryPoint","urlTemplate":"http:\/\/www.immobiliare-neuf.fr\/blog\/?s={search_term_string}"},"query-input":"required name=search_term_string"}],"inLanguage":"fr-FR"},{"@type":"ImageObject","@id":"http:\/\/www.immobiliare-neuf.fr\/blog\/marche-limmobilier-manque-pas-foncier-fluidite\/#primaryimage","inLanguage":"fr-FR","url":"http:\/\/immo-neuf.lavieimmo.com\/picture\/actualite\/big-thierry-repentin-veillera-sur-l-application-de-loi-de-mobilisation-du-foncier-public-286124.jpg?1","contentUrl":"http:\/\/immo-neuf.lavieimmo.com\/picture\/actualite\/big-thierry-repentin-veillera-sur-l-application-de-loi-de-mobilisation-du-foncier-public-286124.jpg?1"},{"@type":"WebPage","@id":"http:\/\/www.immobiliare-neuf.fr\/blog\/marche-limmobilier-manque-pas-foncier-fluidite\/#webpage","url":"http:\/\/www.immobiliare-neuf.fr\/blog\/marche-limmobilier-manque-pas-foncier-fluidite\/","name":"Le march\u00e9 de l'immobilier ne manque pas de foncier mais de \"fluidit\u00e9\" - Maisons et appartements neufs |Toulouse Immobilier neuf","isPartOf":{"@id":"http:\/\/www.immobiliare-neuf.fr\/blog\/#website"},"primaryImageOfPage":{"@id":"http:\/\/www.immobiliare-neuf.fr\/blog\/marche-limmobilier-manque-pas-foncier-fluidite\/#primaryimage"},"datePublished":"2014-07-07T13:53:53+00:00","dateModified":"2016-09-21T08:13:34+00:00","author":{"@id":"http:\/\/www.immobiliare-neuf.fr\/blog\/#\/schema\/person\/6e1a43c3a2767543109ceb6f9dbbef4a"},"description":"Le march\u00e9 de l'immobilier - Interrog\u00e9 par BFMTV, Thierry Repentin juge que le march\u00e9 de l'immobilier ne manque pas de foncier, mais de \u00ab fluidit\u00e9 \u00bb.","breadcrumb":{"@id":"http:\/\/www.immobiliare-neuf.fr\/blog\/marche-limmobilier-manque-pas-foncier-fluidite\/#breadcrumb"},"inLanguage":"fr-FR","potentialAction":[{"@type":"ReadAction","target":["http:\/\/www.immobiliare-neuf.fr\/blog\/marche-limmobilier-manque-pas-foncier-fluidite\/"]}]},{"@type":"BreadcrumbList","@id":"http:\/\/www.immobiliare-neuf.fr\/blog\/marche-limmobilier-manque-pas-foncier-fluidite\/#breadcrumb","itemListElement":[{"@type":"ListItem","position":1,"name":"Accueil","item":"http:\/\/www.immobiliare-neuf.fr\/blog\/"},{"@type":"ListItem","position":2,"name":"Le march\u00e9 de l&rsquo;immobilier ne manque pas de foncier mais de \u00ab\u00a0fluidit\u00e9\u00a0\u00bb"}]},{"@type":"Person","@id":"http:\/\/www.immobiliare-neuf.fr\/blog\/#\/schema\/person\/6e1a43c3a2767543109ceb6f9dbbef4a","name":"immo1","image":{"@type":"ImageObject","@id":"http:\/\/www.immobiliare-neuf.fr\/blog\/#personlogo","inLanguage":"fr-FR","url":"http:\/\/0.gravatar.com\/avatar\/fc0b8723b1087fefc5c15987cae8eede?s=96&d=mm&r=g","contentUrl":"http:\/\/0.gravatar.com\/avatar\/fc0b8723b1087fefc5c15987cae8eede?s=96&d=mm&r=g","caption":"immo1"},"url":"http:\/\/www.immobiliare-neuf.fr\/blog\/author\/immo1\/"}]}},"_links":{"self":[{"href":"http:\/\/www.immobiliare-neuf.fr\/blog\/wp-json\/wp\/v2\/posts\/1799"}],"collection":[{"href":"http:\/\/www.immobiliare-neuf.fr\/blog\/wp-json\/wp\/v2\/posts"}],"about":[{"href":"http:\/\/www.immobiliare-neuf.fr\/blog\/wp-json\/wp\/v2\/types\/post"}],"author":[{"embeddable":true,"href":"http:\/\/www.immobiliare-neuf.fr\/blog\/wp-json\/wp\/v2\/users\/2"}],"replies":[{"embeddable":true,"href":"http:\/\/www.immobiliare-neuf.fr\/blog\/wp-json\/wp\/v2\/comments?post=1799"}],"version-history":[{"count":4,"href":"http:\/\/www.immobiliare-neuf.fr\/blog\/wp-json\/wp\/v2\/posts\/1799\/revisions"}],"predecessor-version":[{"id":3189,"href":"http:\/\/www.immobiliare-neuf.fr\/blog\/wp-json\/wp\/v2\/posts\/1799\/revisions\/3189"}],"wp:attachment":[{"href":"http:\/\/www.immobiliare-neuf.fr\/blog\/wp-json\/wp\/v2\/media?parent=1799"}],"wp:term":[{"taxonomy":"category","embeddable":true,"href":"http:\/\/www.immobiliare-neuf.fr\/blog\/wp-json\/wp\/v2\/categories?post=1799"},{"taxonomy":"post_tag","embeddable":true,"href":"http:\/\/www.immobiliare-neuf.fr\/blog\/wp-json\/wp\/v2\/tags?post=1799"}],"curies":[{"name":"wp","href":"https:\/\/api.w.org\/{rel}","templated":true}]}}